{"id":1471,"date":"2024-02-15T16:17:46","date_gmt":"2024-02-15T19:17:46","guid":{"rendered":"https:\/\/vecinosdelinterior.com\/?p=1471"},"modified":"2024-02-15T16:17:46","modified_gmt":"2024-02-15T19:17:46","slug":"robo-en-quines-recuperaron-elementos","status":"publish","type":"post","link":"https:\/\/vecinosdelinterior.com\/index.php\/2024\/02\/15\/robo-en-quines-recuperaron-elementos\/","title":{"rendered":"Robo en Quines. Recuperaron elementos"},"content":{"rendered":"\n<p>Este mi\u00e9rcoles, a partir de diferentes tareas investigativas que se llevaban adelante en el marco de dos causas por hurto en Quines, efectivos policiales de la Comisar\u00eda 15\u00b0 y de la Divisi\u00f3n de Investigaciones de la Unidad Regional de Orden P\u00fablico (UROP) N\u00b0 5 recuperaron elementos que hab\u00edan sido denunciados como robados, y por el hecho qued\u00f3 detenido un hombre que tiene domicilio en la provincia de Santa Fe.<br>En ese sentido, los polic\u00edas recuperaron una bicicleta y un equipo de m\u00fasica, los cuales hab\u00edan sido denunciados como robados en dos causas distintas. Adem\u00e1s, el acusado de los il\u00edcitos qued\u00f3 detenido en la dependencia policial. Tom\u00f3 intervenci\u00f3n la Fiscal\u00eda de Instrucci\u00f3n N\u00b0 3 de la Primera Circunscripci\u00f3n Judicial, a cargo del Dr. Esteban Roche.<\/p>\n\n\n\n<figure class=\"wp-block-gallery has-nested-images columns-default is-cropped wp-block-gallery-1 is-layout-flex wp-block-gallery-is-layout-flex\">\n<figure class=\"wp-block-image size-large\"><img fetchpriority=\"high\" decoding=\"async\" width=\"983\" height=\"720\" data-id=\"1473\" src=\"https:\/\/vecinosdelinterior.com\/wp-content\/uploads\/2024\/02\/bf962601-70bc-449c-9330-c389b909e493.jpg\" alt=\"\" class=\"wp-image-1473\" srcset=\"https:\/\/vecinosdelinterior.com\/wp-content\/uploads\/2024\/02\/bf962601-70bc-449c-9330-c389b909e493.jpg 983w, https:\/\/vecinosdelinterior.com\/wp-content\/uploads\/2024\/02\/bf962601-70bc-449c-9330-c389b909e493-300x220.jpg 300w, https:\/\/vecinosdelinterior.com\/wp-content\/uploads\/2024\/02\/bf962601-70bc-449c-9330-c389b909e493-768x563.jpg 768w, https:\/\/vecinosdelinterior.com\/wp-content\/uploads\/2024\/02\/bf962601-70bc-449c-9330-c389b909e493-750x549.jpg 750w\" sizes=\"(max-width: 983px) 100vw, 983px\" \/><\/figure>\n\n\n\n<figure class=\"wp-block-image size-large\"><img decoding=\"async\" width=\"560\" height=\"401\" data-id=\"1472\" src=\"https:\/\/vecinosdelinterior.com\/wp-content\/uploads\/2024\/02\/f5f855fd-1771-49b7-82ca-888ce3994c1b.jpg\" alt=\"\" class=\"wp-image-1472\" srcset=\"https:\/\/vecinosdelinterior.com\/wp-content\/uploads\/2024\/02\/f5f855fd-1771-49b7-82ca-888ce3994c1b.jpg 560w, https:\/\/vecinosdelinterior.com\/wp-content\/uploads\/2024\/02\/f5f855fd-1771-49b7-82ca-888ce3994c1b-300x215.jpg 300w, https:\/\/vecinosdelinterior.com\/wp-content\/uploads\/2024\/02\/f5f855fd-1771-49b7-82ca-888ce3994c1b-120x86.jpg 120w, https:\/\/vecinosdelinterior.com\/wp-content\/uploads\/2024\/02\/f5f855fd-1771-49b7-82ca-888ce3994c1b-350x250.jpg 350w\" sizes=\"(max-width: 560px) 100vw, 560px\" \/><\/figure>\n<\/figure>\n","protected":false},"excerpt":{"rendered":"<p>Este mi\u00e9rcoles, a partir de diferentes tareas investigativas que se llevaban adelante en el marco de dos causas por hurto en Quines, efectivos policiales de la Comisar\u00eda 15\u00b0 y de la Divisi\u00f3n de Investigaciones de la Unidad Regional de Orden P\u00fablico (UROP) N\u00b0 5 recuperaron elementos que hab\u00edan sido denunciados como robados, y por el [&hellip;]<\/p>\n","protected":false},"author":1,"featured_media":1472,"comment_status":"open","ping_status":"open","sticky":false,"template":"","format":"standard","meta":{"footnotes":""},"categories":[8,54],"tags":[101,60],"class_list":["post-1471","post","type-post","status-publish","format-standard","has-post-thumbnail","hentry","category-ayacucho","category-quines-ayacucho","tag-quines","tag-robo"],"_links":{"self":[{"href":"https:\/\/vecinosdelinterior.com\/index.php\/wp-json\/wp\/v2\/posts\/1471","targetHints":{"allow":["GET"]}}],"collection":[{"href":"https:\/\/vecinosdelinterior.com\/index.php\/wp-json\/wp\/v2\/posts"}],"about":[{"href":"https:\/\/vecinosdelinterior.com\/index.php\/wp-json\/wp\/v2\/types\/post"}],"author":[{"embeddable":true,"href":"https:\/\/vecinosdelinterior.com\/index.php\/wp-json\/wp\/v2\/users\/1"}],"replies":[{"embeddable":true,"href":"https:\/\/vecinosdelinterior.com\/index.php\/wp-json\/wp\/v2\/comments?post=1471"}],"version-history":[{"count":1,"href":"https:\/\/vecinosdelinterior.com\/index.php\/wp-json\/wp\/v2\/posts\/1471\/revisions"}],"predecessor-version":[{"id":1474,"href":"https:\/\/vecinosdelinterior.com\/index.php\/wp-json\/wp\/v2\/posts\/1471\/revisions\/1474"}],"wp:featuredmedia":[{"embeddable":true,"href":"https:\/\/vecinosdelinterior.com\/index.php\/wp-json\/wp\/v2\/media\/1472"}],"wp:attachment":[{"href":"https:\/\/vecinosdelinterior.com\/index.php\/wp-json\/wp\/v2\/media?parent=1471"}],"wp:term":[{"taxonomy":"category","embeddable":true,"href":"https:\/\/vecinosdelinterior.com\/index.php\/wp-json\/wp\/v2\/categories?post=1471"},{"taxonomy":"post_tag","embeddable":true,"href":"https:\/\/vecinosdelinterior.com\/index.php\/wp-json\/wp\/v2\/tags?post=1471"}],"curies":[{"name":"wp","href":"https:\/\/api.w.org\/{rel}","templated":true}]}}