{"id":1475,"date":"2024-02-15T16:43:04","date_gmt":"2024-02-15T19:43:04","guid":{"rendered":"https:\/\/vecinosdelinterior.com\/?p=1475"},"modified":"2024-02-15T16:43:48","modified_gmt":"2024-02-15T19:43:48","slug":"naschel-se-prepara-para-vivir-la-fiesta-provincial-del-maiz-2024","status":"publish","type":"post","link":"https:\/\/vecinosdelinterior.com\/index.php\/2024\/02\/15\/naschel-se-prepara-para-vivir-la-fiesta-provincial-del-maiz-2024\/","title":{"rendered":"Naschel se prepara para vivir la Fiesta Provincial del Ma\u00edz 2024"},"content":{"rendered":"\n<p>Este s\u00e1bado por la noche, la localidad ser\u00e1 epicentro de la 51\u00b0 edici\u00f3n de este ic\u00f3nico festival. Se desarrollar\u00e1 frente al Club Social y Deportivo Naschel. La entrada ser\u00e1 libre y gratuita.<\/p>\n\n\n\n<p>Contin\u00faa la grilla de festivales a lo largo de toda la provincia. Naschel, que tuvo un exitoso festejo por su 116\u00b0 aniversario el fin de semana pasado, nuevamente ofrecer\u00e1 un encuentro que englobar\u00e1 fiesta, tradici\u00f3n y alegr\u00eda en la capital del ma\u00edz.<\/p>\n\n\n\n<p>El evento de este s\u00e1bado 17 de febrero contar\u00e1 con una destacada grilla de artistas. Como n\u00fameros estelares se presentar\u00e1n: \u2018El Negro\u2019 Videla, Las Voces del Boquer\u00f3n y Lu Irigoyen. En la velada tambi\u00e9n se realizar\u00e1 el desfile y coronaci\u00f3n de la reina. Habr\u00e1 un esmerado servicio de cantina. Y como si todo eso fuera poco, se sortear\u00e1 la Rifa del Mill\u00f3n entre todos los presentes. Para adquirir un n\u00famero se pueden comunicar al 2657-243870.<\/p>\n\n\n\n<figure class=\"wp-block-image size-large\"><img fetchpriority=\"high\" decoding=\"async\" width=\"1024\" height=\"683\" src=\"https:\/\/vecinosdelinterior.com\/wp-content\/uploads\/2024\/02\/foto-1-1-1024x683.jpg\" alt=\"\" class=\"wp-image-1478\" srcset=\"https:\/\/vecinosdelinterior.com\/wp-content\/uploads\/2024\/02\/foto-1-1-1024x683.jpg 1024w, https:\/\/vecinosdelinterior.com\/wp-content\/uploads\/2024\/02\/foto-1-1-300x200.jpg 300w, https:\/\/vecinosdelinterior.com\/wp-content\/uploads\/2024\/02\/foto-1-1-768x512.jpg 768w, https:\/\/vecinosdelinterior.com\/wp-content\/uploads\/2024\/02\/foto-1-1-750x500.jpg 750w, https:\/\/vecinosdelinterior.com\/wp-content\/uploads\/2024\/02\/foto-1-1.jpg 1080w\" sizes=\"(max-width: 1024px) 100vw, 1024px\" \/><\/figure>\n","protected":false},"excerpt":{"rendered":"<p>Este s\u00e1bado por la noche, la localidad ser\u00e1 epicentro de la 51\u00b0 edici\u00f3n de este ic\u00f3nico festival. Se desarrollar\u00e1 frente al Club Social y Deportivo Naschel. La entrada ser\u00e1 libre y gratuita. Contin\u00faa la grilla de festivales a lo largo de toda la provincia. Naschel, que tuvo un exitoso festejo por su 116\u00b0 aniversario el [&hellip;]<\/p>\n","protected":false},"author":1,"featured_media":1476,"comment_status":"open","ping_status":"open","sticky":false,"template":"","format":"standard","meta":{"footnotes":""},"categories":[29,91],"tags":[360],"class_list":["post-1475","post","type-post","status-publish","format-standard","has-post-thumbnail","hentry","category-chacabuco","category-naschel","tag-fiesta-provincial-del-maiz"],"_links":{"self":[{"href":"https:\/\/vecinosdelinterior.com\/index.php\/wp-json\/wp\/v2\/posts\/1475","targetHints":{"allow":["GET"]}}],"collection":[{"href":"https:\/\/vecinosdelinterior.com\/index.php\/wp-json\/wp\/v2\/posts"}],"about":[{"href":"https:\/\/vecinosdelinterior.com\/index.php\/wp-json\/wp\/v2\/types\/post"}],"author":[{"embeddable":true,"href":"https:\/\/vecinosdelinterior.com\/index.php\/wp-json\/wp\/v2\/users\/1"}],"replies":[{"embeddable":true,"href":"https:\/\/vecinosdelinterior.com\/index.php\/wp-json\/wp\/v2\/comments?post=1475"}],"version-history":[{"count":2,"href":"https:\/\/vecinosdelinterior.com\/index.php\/wp-json\/wp\/v2\/posts\/1475\/revisions"}],"predecessor-version":[{"id":1479,"href":"https:\/\/vecinosdelinterior.com\/index.php\/wp-json\/wp\/v2\/posts\/1475\/revisions\/1479"}],"wp:featuredmedia":[{"embeddable":true,"href":"https:\/\/vecinosdelinterior.com\/index.php\/wp-json\/wp\/v2\/media\/1476"}],"wp:attachment":[{"href":"https:\/\/vecinosdelinterior.com\/index.php\/wp-json\/wp\/v2\/media?parent=1475"}],"wp:term":[{"taxonomy":"category","embeddable":true,"href":"https:\/\/vecinosdelinterior.com\/index.php\/wp-json\/wp\/v2\/categories?post=1475"},{"taxonomy":"post_tag","embeddable":true,"href":"https:\/\/vecinosdelinterior.com\/index.php\/wp-json\/wp\/v2\/tags?post=1475"}],"curies":[{"name":"wp","href":"https:\/\/api.w.org\/{rel}","templated":true}]}}