{"id":148,"date":"2023-07-20T11:12:30","date_gmt":"2023-07-20T14:12:30","guid":{"rendered":"https:\/\/vecinosdelinterior.com\/?p=148"},"modified":"2023-07-20T11:12:30","modified_gmt":"2023-07-20T14:12:30","slug":"recuperaron-en-san-jeronimo-una-motocicleta-que-habia-sido-robada-en-carpinteria","status":"publish","type":"post","link":"https:\/\/vecinosdelinterior.com\/index.php\/2023\/07\/20\/recuperaron-en-san-jeronimo-una-motocicleta-que-habia-sido-robada-en-carpinteria\/","title":{"rendered":"Recuperaron en San Jer\u00f3nimo una motocicleta que hab\u00eda sido robada en Carpinter\u00eda"},"content":{"rendered":"\n<p>Polic\u00edas de la Subcomisar\u00eda 20\u00b0 de San Jer\u00f3nimo recuperaron este martes una moto que fue robada el lunes en la localidad de Carpinter\u00eda.<\/p>\n\n\n\n<figure class=\"wp-block-image size-large\"><img fetchpriority=\"high\" decoding=\"async\" width=\"1024\" height=\"506\" src=\"https:\/\/vecinosdelinterior.com\/wp-content\/uploads\/2023\/07\/moto-1024x506.jpg\" alt=\"\" class=\"wp-image-149\" srcset=\"https:\/\/vecinosdelinterior.com\/wp-content\/uploads\/2023\/07\/moto-1024x506.jpg 1024w, https:\/\/vecinosdelinterior.com\/wp-content\/uploads\/2023\/07\/moto-300x148.jpg 300w, https:\/\/vecinosdelinterior.com\/wp-content\/uploads\/2023\/07\/moto-768x380.jpg 768w, https:\/\/vecinosdelinterior.com\/wp-content\/uploads\/2023\/07\/moto-1280x634.jpg 1280w, https:\/\/vecinosdelinterior.com\/wp-content\/uploads\/2023\/07\/moto.jpg 1283w\" sizes=\"(max-width: 1024px) 100vw, 1024px\" \/><\/figure>\n\n\n\n<p>Luego de tareas investigativas y, durante un recorrido de prevenci\u00f3n, los efectivos observaron a una persona dentro de una construcci\u00f3n abandonada en un descampado.<\/p>\n\n\n\n<p>El joven result\u00f3 ser un joven de 19 a\u00f1os, que era buscado por el robo de la motocicleta. El rodado se encontraba en el mismo lugar.<\/p>\n\n\n\n<p>El veh\u00edculo fue secuestrado y el demorado fue trasladado a la dependencia policial de San Jer\u00f3nimo.<\/p>\n","protected":false},"excerpt":{"rendered":"<p>Polic\u00edas de la Subcomisar\u00eda 20\u00b0 de San Jer\u00f3nimo recuperaron este martes una moto que fue robada el lunes en la localidad de Carpinter\u00eda. Luego de tareas investigativas y, durante un recorrido de prevenci\u00f3n, los efectivos observaron a una persona dentro de una construcci\u00f3n abandonada en un descampado. El joven result\u00f3 ser un joven de 19 [&hellip;]<\/p>\n","protected":false},"author":1,"featured_media":149,"comment_status":"open","ping_status":"open","sticky":false,"template":"","format":"standard","meta":{"footnotes":""},"categories":[1],"tags":[60],"class_list":["post-148","post","type-post","status-publish","format-standard","has-post-thumbnail","hentry","category-blog","tag-robo"],"_links":{"self":[{"href":"https:\/\/vecinosdelinterior.com\/index.php\/wp-json\/wp\/v2\/posts\/148","targetHints":{"allow":["GET"]}}],"collection":[{"href":"https:\/\/vecinosdelinterior.com\/index.php\/wp-json\/wp\/v2\/posts"}],"about":[{"href":"https:\/\/vecinosdelinterior.com\/index.php\/wp-json\/wp\/v2\/types\/post"}],"author":[{"embeddable":true,"href":"https:\/\/vecinosdelinterior.com\/index.php\/wp-json\/wp\/v2\/users\/1"}],"replies":[{"embeddable":true,"href":"https:\/\/vecinosdelinterior.com\/index.php\/wp-json\/wp\/v2\/comments?post=148"}],"version-history":[{"count":1,"href":"https:\/\/vecinosdelinterior.com\/index.php\/wp-json\/wp\/v2\/posts\/148\/revisions"}],"predecessor-version":[{"id":150,"href":"https:\/\/vecinosdelinterior.com\/index.php\/wp-json\/wp\/v2\/posts\/148\/revisions\/150"}],"wp:featuredmedia":[{"embeddable":true,"href":"https:\/\/vecinosdelinterior.com\/index.php\/wp-json\/wp\/v2\/media\/149"}],"wp:attachment":[{"href":"https:\/\/vecinosdelinterior.com\/index.php\/wp-json\/wp\/v2\/media?parent=148"}],"wp:term":[{"taxonomy":"category","embeddable":true,"href":"https:\/\/vecinosdelinterior.com\/index.php\/wp-json\/wp\/v2\/categories?post=148"},{"taxonomy":"post_tag","embeddable":true,"href":"https:\/\/vecinosdelinterior.com\/index.php\/wp-json\/wp\/v2\/tags?post=148"}],"curies":[{"name":"wp","href":"https:\/\/api.w.org\/{rel}","templated":true}]}}