{"id":1480,"date":"2024-02-17T11:39:40","date_gmt":"2024-02-17T14:39:40","guid":{"rendered":"https:\/\/vecinosdelinterior.com\/?p=1480"},"modified":"2024-02-17T11:39:40","modified_gmt":"2024-02-17T14:39:40","slug":"santa-rosa-imputaron-a-un-joven-por-el-delito-de-hurto-agravado","status":"publish","type":"post","link":"https:\/\/vecinosdelinterior.com\/index.php\/2024\/02\/17\/santa-rosa-imputaron-a-un-joven-por-el-delito-de-hurto-agravado\/","title":{"rendered":"SANTA ROSA: IMPUTARON A UN JOVEN POR EL DELITO DE HURTO AGRAVADO"},"content":{"rendered":"\n<p><\/p>\n\n\n\n<p>Este viernes, se llev\u00f3 a cabo la formulaci\u00f3n de cargos en contra de A.G.A., un joven de 22 a\u00f1os se\u00f1alado como presunto autor del delito de hurto agravado.<\/p>\n\n\n\n<p>El hecho que se investiga ocurri\u00f3 en Santa Rosa del Conlara, y el damnificado es un empleado municipal encargado de la recaudaci\u00f3n de fondos en eventos organizados por el municipio.<\/p>\n\n\n\n<p>Seg\u00fan relat\u00f3 la Fiscal Adjunta, Silvina Arg\u00fcello, el 29 de enero de este a\u00f1o el denunciante sali\u00f3 de trabajar y llev\u00f3 la recaudaci\u00f3n a su casa en una mochila que conten\u00eda una importante suma de dinero en pesos. Luego se retir\u00f3 por algunas horas y, al regresar, la mochila ya no estaba. Tambi\u00e9n report\u00f3 el faltante de dinero en moneda extranjera de su propiedad.<\/p>\n\n\n\n<p>La teor\u00eda del caso de la fiscal\u00eda, es que el imputado utiliz\u00f3 una copia de la llave del inmueble para ingresar.<\/p>\n\n\n\n<p>Al respecto, la fiscal explic\u00f3 que el hermano del damnificado es amigo de A.G.A., y que \u00e9ste visit\u00f3 el domicilio d\u00edas antes del hecho cuando el denunciante sali\u00f3 de viaje y dej\u00f3 la vivienda al cuidado de su hermano.<\/p>\n\n\n\n<p>Conforme a las evidencias reunidas; el 1 de febrero se llev\u00f3 a cabo un allanamiento en el domicilio del imputado, donde la polic\u00eda encontr\u00f3 el dinero y las llaves denunciadas.<\/p>\n\n\n\n<p>Momentos previos, se le realiz\u00f3 una requisa personal, donde le secuestraron una mochila y dos tel\u00e9fonos celulares.<\/p>\n\n\n\n<p>Por todo ello, la fiscal formaliz\u00f3 la imputaci\u00f3n en contra de A.G.A. como presunto autor del delito de hurto agravado por el uso de llave verdadera que hubiere sido sustra\u00edda, hallada o retenida (Art\u00edculo 163, apartado tercero, del C\u00f3digo Penal Argentino); y peticion\u00f3 un plazo de 120 d\u00edas para finalizar la investigaci\u00f3n.<\/p>\n\n\n\n<p>En contrapartida, el Defensor Oficial en lo Penal, Jos\u00e9 Francisco P\u00e9rez, junto a su par adjunta, Mar\u00eda Luz V\u00edlchez; solicitaron no hacer lugar a la formulaci\u00f3n de cargos por ausencia de determinaci\u00f3n del modo, tiempo y circunstancias del hecho. Con relaci\u00f3n a ello, dijeron que la fiscal\u00eda no ha podido ubicar a su defendido en el lugar del il\u00edcito. Tampoco se ha probado si el denunciante ten\u00eda efectivamente la suma denunciada, o si el dinero secuestrado es el reportado en la denuncia.<\/p>\n\n\n\n<p>Asimismo, pidieron la nulidad de la requisa personal, al considerar que fue una injerencia arbitraria por parte de la polic\u00eda, que lo intercept\u00f3 en el balneario de Santa Rosa y lo intim\u00f3 a mostrar las pertenencias que llevaba en su mochila sin informarle sus derechos ni el motivo de la investigaci\u00f3n.<\/p>\n\n\n\n<p>Por \u00faltimo, afirmaron que la mochila secuestrada en la requisa es propiedad de su defendido, y que se secuestr\u00f3 una segunda mochila, de similares caracter\u00edsticas a las mencionadas por el denunciante, que fue encontrada en Ruta Provincial N\u00b05.<\/p>\n\n\n\n<p>La fiscal\u00eda se opuso a la nulidad planteada, manifestando que para realizar una requisa personal no es necesario, en principio, informarle a la persona los hechos que se le imputan si se sospecha que \u00e9sta puede tener elementos vinculados a un il\u00edcito. Dijo, adem\u00e1s, que el procedimiento se realiz\u00f3 en presencia de dos testigos y que, previo al allanamiento, A.G.A. fue notificado conforme lo establece el C\u00f3digo de Procedimiento.<\/p>\n\n\n\n<p>Luego de escuchar a las partes, el juez de garant\u00eda interviniente, Jorge Pinto, resolvi\u00f3 rechazar el planteo de nulidad de la defensa y tener por v\u00e1lido el procedimiento de requisa personal, fundando lo dispuesto en la orden de allanamiento que dict\u00f3 el 1 de febrero alrededor de las 14:00 hs., a trav\u00e9s de la cual, autoriz\u00f3 a la polic\u00eda a registrar el domicilio de A.G.A. y, eventualmente, requisar al sospechoso.<\/p>\n\n\n\n<p>En cuanto al planteo de no tener por formulados los cargos, el juez consider\u00f3 que se trata de una imputaci\u00f3n provisoria, en virtud de que la investigaci\u00f3n es incipiente y que, a medida que se desarrolle la misma, la fiscal\u00eda deber\u00e1 determinar si cuenta con elementos para mantener, ampliar o desistir de la acusaci\u00f3n.<\/p>\n\n\n\n<p>Por esa raz\u00f3n, dispuso hacer lugar a la formulaci\u00f3n de cargos en contra del imputado y conceder los 120 d\u00edas requeridos por el Ministerio Fiscal para llevar adelante la labor investigativa.<\/p>\n","protected":false},"excerpt":{"rendered":"<p>Este viernes, se llev\u00f3 a cabo la formulaci\u00f3n de cargos en contra de A.G.A., un joven de 22 a\u00f1os se\u00f1alado como presunto autor del delito de hurto agravado. El hecho que se investiga ocurri\u00f3 en Santa Rosa del Conlara, y el damnificado es un empleado municipal encargado de la recaudaci\u00f3n de fondos en eventos organizados [&hellip;]<\/p>\n","protected":false},"author":1,"featured_media":1481,"comment_status":"open","ping_status":"open","sticky":false,"template":"","format":"standard","meta":{"footnotes":""},"categories":[23,45],"tags":[60],"class_list":["post-1480","post","type-post","status-publish","format-standard","has-post-thumbnail","hentry","category-junin","category-santa-rosa-del-conlara","tag-robo"],"_links":{"self":[{"href":"https:\/\/vecinosdelinterior.com\/index.php\/wp-json\/wp\/v2\/posts\/1480","targetHints":{"allow":["GET"]}}],"collection":[{"href":"https:\/\/vecinosdelinterior.com\/index.php\/wp-json\/wp\/v2\/posts"}],"about":[{"href":"https:\/\/vecinosdelinterior.com\/index.php\/wp-json\/wp\/v2\/types\/post"}],"author":[{"embeddable":true,"href":"https:\/\/vecinosdelinterior.com\/index.php\/wp-json\/wp\/v2\/users\/1"}],"replies":[{"embeddable":true,"href":"https:\/\/vecinosdelinterior.com\/index.php\/wp-json\/wp\/v2\/comments?post=1480"}],"version-history":[{"count":1,"href":"https:\/\/vecinosdelinterior.com\/index.php\/wp-json\/wp\/v2\/posts\/1480\/revisions"}],"predecessor-version":[{"id":1482,"href":"https:\/\/vecinosdelinterior.com\/index.php\/wp-json\/wp\/v2\/posts\/1480\/revisions\/1482"}],"wp:featuredmedia":[{"embeddable":true,"href":"https:\/\/vecinosdelinterior.com\/index.php\/wp-json\/wp\/v2\/media\/1481"}],"wp:attachment":[{"href":"https:\/\/vecinosdelinterior.com\/index.php\/wp-json\/wp\/v2\/media?parent=1480"}],"wp:term":[{"taxonomy":"category","embeddable":true,"href":"https:\/\/vecinosdelinterior.com\/index.php\/wp-json\/wp\/v2\/categories?post=1480"},{"taxonomy":"post_tag","embeddable":true,"href":"https:\/\/vecinosdelinterior.com\/index.php\/wp-json\/wp\/v2\/tags?post=1480"}],"curies":[{"name":"wp","href":"https:\/\/api.w.org\/{rel}","templated":true}]}}