{"id":1486,"date":"2024-02-19T09:51:16","date_gmt":"2024-02-19T12:51:16","guid":{"rendered":"https:\/\/vecinosdelinterior.com\/?p=1486"},"modified":"2024-02-19T09:51:16","modified_gmt":"2024-02-19T12:51:16","slug":"la-upro-comienza-su-ciclo-lectivo-en-toda-la-provincia-con-casi-5-700-alumnos","status":"publish","type":"post","link":"https:\/\/vecinosdelinterior.com\/index.php\/2024\/02\/19\/la-upro-comienza-su-ciclo-lectivo-en-toda-la-provincia-con-casi-5-700-alumnos\/","title":{"rendered":"La UPrO comienza su ciclo lectivo en toda la provincia con casi 5.700 alumnos"},"content":{"rendered":"\n<p>Las actividades educativas iniciar\u00e1n este lunes por la tarde, desde las 18:00, en las sedes de Villa Mercedes, San Luis, Quines, Candelaria, San Mart\u00edn, Merlo, Tilisarao. La Calera y Buena Esperanza.<\/p>\n\n\n\n<p>La Universidad Provincial de Oficios (UPrO) cuenta en la actualidad con 42 carreras y cursos. Algunos de ellos semestrales, otros anuales y tecnicaturas con duraci\u00f3n de hasta dos a\u00f1os. Con el correr de los a\u00f1os se afianz\u00f3 como la mejor formadora de mano de obra capacitada. Adem\u00e1s, la curr\u00edcula de cada sede est\u00e1 pensada para satisfacer las necesidades de cada regi\u00f3n.<\/p>\n\n\n\n<p>Miles de sanluise\u00f1os y residentes la eligieron como su casa de estudios y este a\u00f1o suman 5.692 personas de toda la provincia. Iniciar\u00e1n el ciclo lectivo este lunes a las 18:00 de manera simult\u00e1nea en todas las sedes. En el caso espec\u00edfico de la ciudad de San Luis, todos los alumnos se concentrar\u00e1n en la sede de la 3ra Rotonda (Borges y Av. Carlos Gardel) y en Villa Mercedes, en la sede central de calle Nueve de Julio 1095.<\/p>\n\n\n\n<figure class=\"wp-block-gallery has-nested-images columns-default is-cropped wp-block-gallery-1 is-layout-flex wp-block-gallery-is-layout-flex\">\n<figure class=\"wp-block-image size-large\"><img fetchpriority=\"high\" decoding=\"async\" width=\"1024\" height=\"1024\" data-id=\"1488\" src=\"https:\/\/vecinosdelinterior.com\/wp-content\/uploads\/2024\/02\/IMG_4780-1024x1024.png\" alt=\"\" class=\"wp-image-1488\" srcset=\"https:\/\/vecinosdelinterior.com\/wp-content\/uploads\/2024\/02\/IMG_4780-1024x1024.png 1024w, https:\/\/vecinosdelinterior.com\/wp-content\/uploads\/2024\/02\/IMG_4780-300x300.png 300w, https:\/\/vecinosdelinterior.com\/wp-content\/uploads\/2024\/02\/IMG_4780-150x150.png 150w, https:\/\/vecinosdelinterior.com\/wp-content\/uploads\/2024\/02\/IMG_4780-768x768.png 768w, https:\/\/vecinosdelinterior.com\/wp-content\/uploads\/2024\/02\/IMG_4780-75x75.png 75w, https:\/\/vecinosdelinterior.com\/wp-content\/uploads\/2024\/02\/IMG_4780-750x750.png 750w, https:\/\/vecinosdelinterior.com\/wp-content\/uploads\/2024\/02\/IMG_4780-1140x1140.png 1140w, https:\/\/vecinosdelinterior.com\/wp-content\/uploads\/2024\/02\/IMG_4780.png 1200w\" sizes=\"(max-width: 1024px) 100vw, 1024px\" \/><\/figure>\n\n\n\n<figure class=\"wp-block-image size-large\"><img decoding=\"async\" width=\"1024\" height=\"682\" data-id=\"1487\" src=\"https:\/\/vecinosdelinterior.com\/wp-content\/uploads\/2024\/02\/IMG_4778-1024x682.jpg\" alt=\"\" class=\"wp-image-1487\" srcset=\"https:\/\/vecinosdelinterior.com\/wp-content\/uploads\/2024\/02\/IMG_4778-1024x682.jpg 1024w, https:\/\/vecinosdelinterior.com\/wp-content\/uploads\/2024\/02\/IMG_4778-300x200.jpg 300w, https:\/\/vecinosdelinterior.com\/wp-content\/uploads\/2024\/02\/IMG_4778-768x511.jpg 768w, https:\/\/vecinosdelinterior.com\/wp-content\/uploads\/2024\/02\/IMG_4778-750x499.jpg 750w, https:\/\/vecinosdelinterior.com\/wp-content\/uploads\/2024\/02\/IMG_4778-1140x759.jpg 1140w, https:\/\/vecinosdelinterior.com\/wp-content\/uploads\/2024\/02\/IMG_4778.jpg 1440w\" sizes=\"(max-width: 1024px) 100vw, 1024px\" \/><\/figure>\n<\/figure>\n","protected":false},"excerpt":{"rendered":"<p>Las actividades educativas iniciar\u00e1n este lunes por la tarde, desde las 18:00, en las sedes de Villa Mercedes, San Luis, Quines, Candelaria, San Mart\u00edn, Merlo, Tilisarao. La Calera y Buena Esperanza. La Universidad Provincial de Oficios (UPrO) cuenta en la actualidad con 42 carreras y cursos. Algunos de ellos semestrales, otros anuales y tecnicaturas con [&hellip;]<\/p>\n","protected":false},"author":1,"featured_media":1488,"comment_status":"open","ping_status":"open","sticky":false,"template":"","format":"standard","meta":{"footnotes":""},"categories":[8,18,51,29,16,23,73,54,30],"tags":[136],"class_list":["post-1486","post","type-post","status-publish","format-standard","has-post-thumbnail","hentry","category-ayacucho","category-buena-esperanza-dupuy","category-candelaria","category-chacabuco","category-dupuy","category-junin","category-merlo","category-quines-ayacucho","category-tilisarao","tag-upro"],"_links":{"self":[{"href":"https:\/\/vecinosdelinterior.com\/index.php\/wp-json\/wp\/v2\/posts\/1486","targetHints":{"allow":["GET"]}}],"collection":[{"href":"https:\/\/vecinosdelinterior.com\/index.php\/wp-json\/wp\/v2\/posts"}],"about":[{"href":"https:\/\/vecinosdelinterior.com\/index.php\/wp-json\/wp\/v2\/types\/post"}],"author":[{"embeddable":true,"href":"https:\/\/vecinosdelinterior.com\/index.php\/wp-json\/wp\/v2\/users\/1"}],"replies":[{"embeddable":true,"href":"https:\/\/vecinosdelinterior.com\/index.php\/wp-json\/wp\/v2\/comments?post=1486"}],"version-history":[{"count":1,"href":"https:\/\/vecinosdelinterior.com\/index.php\/wp-json\/wp\/v2\/posts\/1486\/revisions"}],"predecessor-version":[{"id":1489,"href":"https:\/\/vecinosdelinterior.com\/index.php\/wp-json\/wp\/v2\/posts\/1486\/revisions\/1489"}],"wp:featuredmedia":[{"embeddable":true,"href":"https:\/\/vecinosdelinterior.com\/index.php\/wp-json\/wp\/v2\/media\/1488"}],"wp:attachment":[{"href":"https:\/\/vecinosdelinterior.com\/index.php\/wp-json\/wp\/v2\/media?parent=1486"}],"wp:term":[{"taxonomy":"category","embeddable":true,"href":"https:\/\/vecinosdelinterior.com\/index.php\/wp-json\/wp\/v2\/categories?post=1486"},{"taxonomy":"post_tag","embeddable":true,"href":"https:\/\/vecinosdelinterior.com\/index.php\/wp-json\/wp\/v2\/tags?post=1486"}],"curies":[{"name":"wp","href":"https:\/\/api.w.org\/{rel}","templated":true}]}}