{"id":1496,"date":"2024-02-19T20:38:10","date_gmt":"2024-02-19T23:38:10","guid":{"rendered":"https:\/\/vecinosdelinterior.com\/?p=1496"},"modified":"2024-02-19T20:38:10","modified_gmt":"2024-02-19T23:38:10","slug":"santa-rosa-del-conlara-tuvo-su-esperado-festejo-de-carnaval-2024","status":"publish","type":"post","link":"https:\/\/vecinosdelinterior.com\/index.php\/2024\/02\/19\/santa-rosa-del-conlara-tuvo-su-esperado-festejo-de-carnaval-2024\/","title":{"rendered":"Santa Rosa del Conlara tuvo su esperado festejo de Carnaval 2024"},"content":{"rendered":"\n<p>Una colorida celebraci\u00f3n llen\u00f3 de alegr\u00eda, baile y m\u00fasica las calles de la localidad del departamento Jun\u00edn en la noche del pasado viernes.<\/p>\n\n\n\n<p>Pasadas las 21:30 del viernes, vecinos y turistas se dieron cita en la Plaza Pringles de Santa Rosa, para ser parte de un evento que la comunidad local espera con ansias en cada verano: el tradicional carnaval.<\/p>\n\n\n\n<p>Fue una noche a puro color y ritmo. El p\u00fablico, que lleg\u00f3 en gran n\u00famero, pudo disfrutar del desfile de las comparsas Vidalegre, Arabela, O-Bah\u00eda, Luz y Mar. El cierre de la jornada estuvo a cargo de Banda Imperio, que hizo bailar a todos con su repertorio musical.<\/p>\n\n\n\n<p>Por otra parte, hubo diferentes puestos de artesanos y emprendedores que estuvieron muy concurridos.<\/p>\n\n\n\n<figure class=\"wp-block-gallery has-nested-images columns-default is-cropped wp-block-gallery-1 is-layout-flex wp-block-gallery-is-layout-flex\">\n<figure class=\"wp-block-image size-large\"><img fetchpriority=\"high\" decoding=\"async\" width=\"630\" height=\"408\" data-id=\"1497\" src=\"https:\/\/vecinosdelinterior.com\/wp-content\/uploads\/2024\/02\/4-2-630x408-1.jpg\" alt=\"\" class=\"wp-image-1497\" srcset=\"https:\/\/vecinosdelinterior.com\/wp-content\/uploads\/2024\/02\/4-2-630x408-1.jpg 630w, https:\/\/vecinosdelinterior.com\/wp-content\/uploads\/2024\/02\/4-2-630x408-1-300x194.jpg 300w\" sizes=\"(max-width: 630px) 100vw, 630px\" \/><\/figure>\n\n\n\n<figure class=\"wp-block-image size-large\"><img decoding=\"async\" width=\"768\" height=\"532\" data-id=\"1498\" src=\"https:\/\/vecinosdelinterior.com\/wp-content\/uploads\/2024\/02\/1-3-768x532-1.jpg\" alt=\"\" class=\"wp-image-1498\" srcset=\"https:\/\/vecinosdelinterior.com\/wp-content\/uploads\/2024\/02\/1-3-768x532-1.jpg 768w, https:\/\/vecinosdelinterior.com\/wp-content\/uploads\/2024\/02\/1-3-768x532-1-300x208.jpg 300w, https:\/\/vecinosdelinterior.com\/wp-content\/uploads\/2024\/02\/1-3-768x532-1-750x520.jpg 750w\" sizes=\"(max-width: 768px) 100vw, 768px\" \/><\/figure>\n<\/figure>\n","protected":false},"excerpt":{"rendered":"<p>Una colorida celebraci\u00f3n llen\u00f3 de alegr\u00eda, baile y m\u00fasica las calles de la localidad del departamento Jun\u00edn en la noche del pasado viernes. Pasadas las 21:30 del viernes, vecinos y turistas se dieron cita en la Plaza Pringles de Santa Rosa, para ser parte de un evento que la comunidad local espera con ansias en [&hellip;]<\/p>\n","protected":false},"author":1,"featured_media":1498,"comment_status":"open","ping_status":"open","sticky":false,"template":"","format":"standard","meta":{"footnotes":""},"categories":[23,45],"tags":[362],"class_list":["post-1496","post","type-post","status-publish","format-standard","has-post-thumbnail","hentry","category-junin","category-santa-rosa-del-conlara","tag-carnaval-de-santa-rosa-del-conlara"],"_links":{"self":[{"href":"https:\/\/vecinosdelinterior.com\/index.php\/wp-json\/wp\/v2\/posts\/1496","targetHints":{"allow":["GET"]}}],"collection":[{"href":"https:\/\/vecinosdelinterior.com\/index.php\/wp-json\/wp\/v2\/posts"}],"about":[{"href":"https:\/\/vecinosdelinterior.com\/index.php\/wp-json\/wp\/v2\/types\/post"}],"author":[{"embeddable":true,"href":"https:\/\/vecinosdelinterior.com\/index.php\/wp-json\/wp\/v2\/users\/1"}],"replies":[{"embeddable":true,"href":"https:\/\/vecinosdelinterior.com\/index.php\/wp-json\/wp\/v2\/comments?post=1496"}],"version-history":[{"count":1,"href":"https:\/\/vecinosdelinterior.com\/index.php\/wp-json\/wp\/v2\/posts\/1496\/revisions"}],"predecessor-version":[{"id":1499,"href":"https:\/\/vecinosdelinterior.com\/index.php\/wp-json\/wp\/v2\/posts\/1496\/revisions\/1499"}],"wp:featuredmedia":[{"embeddable":true,"href":"https:\/\/vecinosdelinterior.com\/index.php\/wp-json\/wp\/v2\/media\/1498"}],"wp:attachment":[{"href":"https:\/\/vecinosdelinterior.com\/index.php\/wp-json\/wp\/v2\/media?parent=1496"}],"wp:term":[{"taxonomy":"category","embeddable":true,"href":"https:\/\/vecinosdelinterior.com\/index.php\/wp-json\/wp\/v2\/categories?post=1496"},{"taxonomy":"post_tag","embeddable":true,"href":"https:\/\/vecinosdelinterior.com\/index.php\/wp-json\/wp\/v2\/tags?post=1496"}],"curies":[{"name":"wp","href":"https:\/\/api.w.org\/{rel}","templated":true}]}}