{"id":151,"date":"2023-07-24T11:04:13","date_gmt":"2023-07-24T14:04:13","guid":{"rendered":"https:\/\/vecinosdelinterior.com\/?p=151"},"modified":"2023-07-24T11:04:14","modified_gmt":"2023-07-24T14:04:14","slug":"el-proyecto-para-mejorar-los-accesos-a-la-toma-entro-en-su-recta-final","status":"publish","type":"post","link":"https:\/\/vecinosdelinterior.com\/index.php\/2023\/07\/24\/el-proyecto-para-mejorar-los-accesos-a-la-toma-entro-en-su-recta-final\/","title":{"rendered":"El proyecto para mejorar los accesos a La Toma entr\u00f3 en su recta final"},"content":{"rendered":"\n<p><\/p>\n\n\n\n<p>El proyecto integral que realiza el gobierno provincial para mejorar y jerarquizar el acceso oeste de La Toma entr\u00f3 en su tramo final. Tiene un avance superior al 90 por ciento y aseguran que pr\u00f3ximamente estar\u00e1 habilitado. La finalidad de los trabajos es optimizar el ingreso y egreso de los automovilistas que hacen uso permanente de este sector. Tambi\u00e9n ordenar\u00e1 el tr\u00e1nsito vehicular para los productores agr\u00edcolas y ganaderos de la zona.<\/p>\n\n\n\n<figure class=\"wp-block-image size-full\"><img fetchpriority=\"high\" decoding=\"async\" width=\"919\" height=\"511\" src=\"https:\/\/vecinosdelinterior.com\/wp-content\/uploads\/2023\/07\/24-7-2023-11-01-56.png\" alt=\"\" class=\"wp-image-152\" srcset=\"https:\/\/vecinosdelinterior.com\/wp-content\/uploads\/2023\/07\/24-7-2023-11-01-56.png 919w, https:\/\/vecinosdelinterior.com\/wp-content\/uploads\/2023\/07\/24-7-2023-11-01-56-300x167.png 300w, https:\/\/vecinosdelinterior.com\/wp-content\/uploads\/2023\/07\/24-7-2023-11-01-56-768x427.png 768w\" sizes=\"(max-width: 919px) 100vw, 919px\" \/><\/figure>\n\n\n\n<p>Las intervenciones comenzaron en enero pasado, con una inversi\u00f3n que supera los 520 millones de pesos. Las acciones las ejecuta la misma Municipalidad del Departamento Coronel Pringles.<\/p>\n\n\n\n<p>Los trabajos se ejecutaron sobre la ruta provincial N\u00ba 20 y de ingreso a la Capital del \u00d3nix con la construcci\u00f3n de una intersecci\u00f3n a nivel del tipo giratoria de forma oval para reemplazar el retorno existente en dicho punto. En la misma se efectuaron calles de circulaci\u00f3n interna en pavimento asf\u00e1ltico.<\/p>\n\n\n\n<p>Tambi\u00e9n se realiz\u00f3 otra intersecci\u00f3n en la ruta provincial N\u00ba 20 y la ruta provincial N\u00ba 2 del mismo tipo con un radio aproximado de veinte metros en el ingreso al barrio Inmaculada Concepci\u00f3n, ubicado en el tri\u00e1ngulo intersecci\u00f3n, y dos ramas de uni\u00f3n que permitir\u00e1n cambiar la intersecci\u00f3n para la circulaci\u00f3n en un solo sentido.<br>El intendente de la localidad y precandidato a diputado nacional por el Frente Uni\u00f3n por San Luis, Ernesto \u00abPipi\u00bb Ali, resalt\u00f3 la relevancia del proyecto. \u00abEs una obra que la solicitamos por dos cuestiones. Una porque realzar\u00e1 la ciudad y, lo m\u00e1s importante, es que se trabajar\u00e1 en funci\u00f3n de la seguridad vial. En la zona donde se est\u00e1n realizando los trabajos hay un enorme tr\u00e1fico, que se vio modificado por los emprendimientos privados. Por eso, era necesario el acompa\u00f1amiento del Estado para concretar este tipo de acciones\u00bb, precis\u00f3.<\/p>\n\n\n\n<p>El jefe comunal dijo que la moderna infraestructura responde a los pedidos por la gran cantidad de accidentes que hab\u00eda en el sector, y que estas intervenciones apuntar\u00e1n a solucionar.<\/p>\n\n\n\n<p>Las tareas las realiza personal del Municipio, ya que se present\u00f3 como contratista y gan\u00f3 la licitaci\u00f3n. \u00abEs una obra que est\u00e1 dando muchos puestos de trabajo. La planta de hormig\u00f3n municipal tambi\u00e9n trabaj\u00f3 arrojando todo el cemento necesario. Las acciones se concretaron mayormente con mano de obra local. La mano de obra calificada ha sido de afuera, porque no existe en la ciudad. Estamos muy felices con esta megaobra, que ser\u00e1 importante para La Toma\u00bb, resalt\u00f3.<br>El director de Vialidad Provincial, Jorge \u00abTimy\u00bb Garc\u00eda Quiroga, recorri\u00f3 el proyecto y destac\u00f3 que las intervenciones pronto estar\u00e1n finalizadas. \u00abSon trabajos muy importantes que van a cambiar los ingresos de La Toma. Tienen un 93 por ciento de avance\u00bb, manifest\u00f3.<br>El funcionario adem\u00e1s remarc\u00f3 la importancia de las tareas que realizan la Provincia y la Intendencia en conjunto para mejorar los accesos de la localidad. \u00abLa Comuna es la empresa contratista que est\u00e1 realizando una obra de gran envergadura y que jerarquizar\u00e1 el ingreso. La zona era una trampa pr\u00e1cticamente mortal, sobre todo en el sector oeste, y con estas acciones brindaremos soluciones al sector\u00bb, se\u00f1al\u00f3. EDDLR<\/p>\n","protected":false},"excerpt":{"rendered":"<p>El proyecto integral que realiza el gobierno provincial para mejorar y jerarquizar el acceso oeste de La Toma entr\u00f3 en su tramo final. Tiene un avance superior al 90 por ciento y aseguran que pr\u00f3ximamente estar\u00e1 habilitado. La finalidad de los trabajos es optimizar el ingreso y egreso de los automovilistas que hacen uso permanente [&hellip;]<\/p>\n","protected":false},"author":1,"featured_media":152,"comment_status":"open","ping_status":"open","sticky":false,"template":"","format":"standard","meta":{"footnotes":""},"categories":[3,2],"tags":[74,6],"class_list":["post-151","post","type-post","status-publish","format-standard","has-post-thumbnail","hentry","category-la-toma","category-pringles","tag-accesos","tag-la-toma"],"_links":{"self":[{"href":"https:\/\/vecinosdelinterior.com\/index.php\/wp-json\/wp\/v2\/posts\/151","targetHints":{"allow":["GET"]}}],"collection":[{"href":"https:\/\/vecinosdelinterior.com\/index.php\/wp-json\/wp\/v2\/posts"}],"about":[{"href":"https:\/\/vecinosdelinterior.com\/index.php\/wp-json\/wp\/v2\/types\/post"}],"author":[{"embeddable":true,"href":"https:\/\/vecinosdelinterior.com\/index.php\/wp-json\/wp\/v2\/users\/1"}],"replies":[{"embeddable":true,"href":"https:\/\/vecinosdelinterior.com\/index.php\/wp-json\/wp\/v2\/comments?post=151"}],"version-history":[{"count":1,"href":"https:\/\/vecinosdelinterior.com\/index.php\/wp-json\/wp\/v2\/posts\/151\/revisions"}],"predecessor-version":[{"id":153,"href":"https:\/\/vecinosdelinterior.com\/index.php\/wp-json\/wp\/v2\/posts\/151\/revisions\/153"}],"wp:featuredmedia":[{"embeddable":true,"href":"https:\/\/vecinosdelinterior.com\/index.php\/wp-json\/wp\/v2\/media\/152"}],"wp:attachment":[{"href":"https:\/\/vecinosdelinterior.com\/index.php\/wp-json\/wp\/v2\/media?parent=151"}],"wp:term":[{"taxonomy":"category","embeddable":true,"href":"https:\/\/vecinosdelinterior.com\/index.php\/wp-json\/wp\/v2\/categories?post=151"},{"taxonomy":"post_tag","embeddable":true,"href":"https:\/\/vecinosdelinterior.com\/index.php\/wp-json\/wp\/v2\/tags?post=151"}],"curies":[{"name":"wp","href":"https:\/\/api.w.org\/{rel}","templated":true}]}}