{"id":1513,"date":"2024-02-21T13:04:04","date_gmt":"2024-02-21T16:04:04","guid":{"rendered":"https:\/\/vecinosdelinterior.com\/?p=1513"},"modified":"2024-02-21T13:04:05","modified_gmt":"2024-02-21T16:04:05","slug":"el-gobierno-suspendio-la-jornada-productiva-del-sabado-en-la-toma","status":"publish","type":"post","link":"https:\/\/vecinosdelinterior.com\/index.php\/2024\/02\/21\/el-gobierno-suspendio-la-jornada-productiva-del-sabado-en-la-toma\/","title":{"rendered":"El Gobierno suspendi\u00f3 la Jornada Productiva del s\u00e1bado en La Toma"},"content":{"rendered":"\n<p>Acompa\u00f1ando el dolor de una comunidad que est\u00e1 de duelo, el Gobierno de la provincia de San Luis suspendi\u00f3 el encuentro de San Luis Se Activa que se iba a llevar a cabo en la localidad de La Toma, previsto para el pr\u00f3ximo s\u00e1bado 24 de febrero.<\/p>\n","protected":false},"excerpt":{"rendered":"<p>Acompa\u00f1ando el dolor de una comunidad que est\u00e1 de duelo, el Gobierno de la provincia de San Luis suspendi\u00f3 el encuentro de San Luis Se Activa que se iba a llevar a cabo en la localidad de La Toma, previsto para el pr\u00f3ximo s\u00e1bado 24 de febrero.<\/p>\n","protected":false},"author":1,"featured_media":1514,"comment_status":"open","ping_status":"open","sticky":false,"template":"","format":"standard","meta":{"footnotes":""},"categories":[3,2],"tags":[],"class_list":["post-1513","post","type-post","status-publish","format-standard","has-post-thumbnail","hentry","category-la-toma","category-pringles"],"_links":{"self":[{"href":"https:\/\/vecinosdelinterior.com\/index.php\/wp-json\/wp\/v2\/posts\/1513","targetHints":{"allow":["GET"]}}],"collection":[{"href":"https:\/\/vecinosdelinterior.com\/index.php\/wp-json\/wp\/v2\/posts"}],"about":[{"href":"https:\/\/vecinosdelinterior.com\/index.php\/wp-json\/wp\/v2\/types\/post"}],"author":[{"embeddable":true,"href":"https:\/\/vecinosdelinterior.com\/index.php\/wp-json\/wp\/v2\/users\/1"}],"replies":[{"embeddable":true,"href":"https:\/\/vecinosdelinterior.com\/index.php\/wp-json\/wp\/v2\/comments?post=1513"}],"version-history":[{"count":1,"href":"https:\/\/vecinosdelinterior.com\/index.php\/wp-json\/wp\/v2\/posts\/1513\/revisions"}],"predecessor-version":[{"id":1515,"href":"https:\/\/vecinosdelinterior.com\/index.php\/wp-json\/wp\/v2\/posts\/1513\/revisions\/1515"}],"wp:featuredmedia":[{"embeddable":true,"href":"https:\/\/vecinosdelinterior.com\/index.php\/wp-json\/wp\/v2\/media\/1514"}],"wp:attachment":[{"href":"https:\/\/vecinosdelinterior.com\/index.php\/wp-json\/wp\/v2\/media?parent=1513"}],"wp:term":[{"taxonomy":"category","embeddable":true,"href":"https:\/\/vecinosdelinterior.com\/index.php\/wp-json\/wp\/v2\/categories?post=1513"},{"taxonomy":"post_tag","embeddable":true,"href":"https:\/\/vecinosdelinterior.com\/index.php\/wp-json\/wp\/v2\/tags?post=1513"}],"curies":[{"name":"wp","href":"https:\/\/api.w.org\/{rel}","templated":true}]}}