{"id":1516,"date":"2024-02-21T13:05:46","date_gmt":"2024-02-21T16:05:46","guid":{"rendered":"https:\/\/vecinosdelinterior.com\/?p=1516"},"modified":"2024-03-12T20:12:18","modified_gmt":"2024-03-12T23:12:18","slug":"villa-del-carmen-tendra-un-gran-festejo-popular-por-sus-151-anos","status":"publish","type":"post","link":"https:\/\/vecinosdelinterior.com\/index.php\/2024\/02\/21\/villa-del-carmen-tendra-un-gran-festejo-popular-por-sus-151-anos\/","title":{"rendered":"Villa del Carmen tendr\u00e1 un gran festejo popular por sus 151 a\u00f1os"},"content":{"rendered":"\n<p>Ser\u00e1 este s\u00e1bado 24 de febrero, desde las 20:00, en la Plaza San Mart\u00edn. Las entradas anticipadas cuestan $2.000.<br>Villa del Carmen, localidad del departamento Chacabuco, tendr\u00e1 una importante celebraci\u00f3n junto a sus habitantes y turistas que est\u00e9n de visita, al cumplirse este viernes 23 un nuevo aniversario de su fundaci\u00f3n.<br>La velada contar\u00e1 con una destacada grilla art\u00edstica. Se presentar\u00e1n Los Carmelitanos, Javier Gonz\u00e1lez, Los Gara, Los del Swing, Los del Carmen, Super Band, Andr\u00e9s Clerc y diferentes ballets invitados. Adem\u00e1s, habr\u00e1 puestos gastron\u00f3micos y de artesanos. Las entradas anticipadas cuestan $2.000 y pueden adquirirse en la Municipalidad de Villa del Carmen. En puerta tendr\u00e1n un valor de $3.000.<br>La organizaci\u00f3n aclar\u00f3 que en caso de mal tiempo el evento se trasladar\u00e1 al SUM del Centro Educativo N\u00b0 13 \u2018Rosa Burgos de Aguirre\u2019. Tambi\u00e9n indic\u00f3 que se permitir\u00e1 ingresar con reposeras y equipos de mate, pero est\u00e1 prohibido llevar conservadoras.<\/p>\n\n\n\n<figure class=\"wp-block-image size-large\"><img fetchpriority=\"high\" decoding=\"async\" width=\"1024\" height=\"682\" src=\"https:\/\/vecinosdelinterior.com\/wp-content\/uploads\/2024\/02\/XVC-1024x682.jpg\" alt=\"\" class=\"wp-image-1517\" srcset=\"https:\/\/vecinosdelinterior.com\/wp-content\/uploads\/2024\/02\/XVC-1024x682.jpg 1024w, https:\/\/vecinosdelinterior.com\/wp-content\/uploads\/2024\/02\/XVC-300x200.jpg 300w, https:\/\/vecinosdelinterior.com\/wp-content\/uploads\/2024\/02\/XVC-768x512.jpg 768w, https:\/\/vecinosdelinterior.com\/wp-content\/uploads\/2024\/02\/XVC-750x500.jpg 750w, https:\/\/vecinosdelinterior.com\/wp-content\/uploads\/2024\/02\/XVC-1140x759.jpg 1140w, https:\/\/vecinosdelinterior.com\/wp-content\/uploads\/2024\/02\/XVC.jpg 1536w\" sizes=\"(max-width: 1024px) 100vw, 1024px\" \/><\/figure>\n","protected":false},"excerpt":{"rendered":"<p>Ser\u00e1 este s\u00e1bado 24 de febrero, desde las 20:00, en la Plaza San Mart\u00edn. Las entradas anticipadas cuestan $2.000.Villa del Carmen, localidad del departamento Chacabuco, tendr\u00e1 una importante celebraci\u00f3n junto a sus habitantes y turistas que est\u00e9n de visita, al cumplirse este viernes 23 un nuevo aniversario de su fundaci\u00f3n.La velada contar\u00e1 con una destacada [&hellip;]<\/p>\n","protected":false},"author":1,"featured_media":1517,"comment_status":"open","ping_status":"open","sticky":false,"template":"","format":"standard","meta":{"footnotes":""},"categories":[29,31],"tags":[363,177],"class_list":["post-1516","post","type-post","status-publish","format-standard","has-post-thumbnail","hentry","category-chacabuco","category-villa-del-carmen","tag-151-aniversario","tag-gestiones-destacadas"],"_links":{"self":[{"href":"https:\/\/vecinosdelinterior.com\/index.php\/wp-json\/wp\/v2\/posts\/1516","targetHints":{"allow":["GET"]}}],"collection":[{"href":"https:\/\/vecinosdelinterior.com\/index.php\/wp-json\/wp\/v2\/posts"}],"about":[{"href":"https:\/\/vecinosdelinterior.com\/index.php\/wp-json\/wp\/v2\/types\/post"}],"author":[{"embeddable":true,"href":"https:\/\/vecinosdelinterior.com\/index.php\/wp-json\/wp\/v2\/users\/1"}],"replies":[{"embeddable":true,"href":"https:\/\/vecinosdelinterior.com\/index.php\/wp-json\/wp\/v2\/comments?post=1516"}],"version-history":[{"count":1,"href":"https:\/\/vecinosdelinterior.com\/index.php\/wp-json\/wp\/v2\/posts\/1516\/revisions"}],"predecessor-version":[{"id":1518,"href":"https:\/\/vecinosdelinterior.com\/index.php\/wp-json\/wp\/v2\/posts\/1516\/revisions\/1518"}],"wp:featuredmedia":[{"embeddable":true,"href":"https:\/\/vecinosdelinterior.com\/index.php\/wp-json\/wp\/v2\/media\/1517"}],"wp:attachment":[{"href":"https:\/\/vecinosdelinterior.com\/index.php\/wp-json\/wp\/v2\/media?parent=1516"}],"wp:term":[{"taxonomy":"category","embeddable":true,"href":"https:\/\/vecinosdelinterior.com\/index.php\/wp-json\/wp\/v2\/categories?post=1516"},{"taxonomy":"post_tag","embeddable":true,"href":"https:\/\/vecinosdelinterior.com\/index.php\/wp-json\/wp\/v2\/tags?post=1516"}],"curies":[{"name":"wp","href":"https:\/\/api.w.org\/{rel}","templated":true}]}}