{"id":1531,"date":"2024-02-23T10:05:23","date_gmt":"2024-02-23T13:05:23","guid":{"rendered":"https:\/\/vecinosdelinterior.com\/?p=1531"},"modified":"2024-02-23T10:05:24","modified_gmt":"2024-02-23T13:05:24","slug":"elevaron-a-juicio-una-causa-por-usurpacion-en-el-sur-provincial","status":"publish","type":"post","link":"https:\/\/vecinosdelinterior.com\/index.php\/2024\/02\/23\/elevaron-a-juicio-una-causa-por-usurpacion-en-el-sur-provincial\/","title":{"rendered":"Elevaron a juicio una causa por usurpaci\u00f3n en el sur provincial"},"content":{"rendered":"\n<p>El juez dispuso el desalojo del campo objeto del conflicto y la apertura a juicio oral durante la audiencia de control de acusaci\u00f3n que se realiz\u00f3 en el Juzgado de Garant\u00eda N\u00b0 1 de la Segunda Circunscripci\u00f3n Judicial.<br>El Dr. Alfredo Cuello, Juez de Garant\u00eda N\u00b0 1, dispuso hoy la apertura a juicio en una causa donde se investiga a una mujer como posible autora del delito de usurpaci\u00f3n. Asimismo, rechaz\u00f3 el pedido de sobreseimiento instado por la defensa.<br>Por otra parte, atento lo solicitado por el Ministerio P\u00fablico Fiscal con adhesi\u00f3n de la querella, el Dr. Cuello orden\u00f3 el lanzamiento \u2013 desalojo \u2013 de la imputada con todas sus pertenencias de la propiedad objeto de la investigaci\u00f3n y le otorg\u00f3 un plazo para dar cumplimiento a lo dispuesto, hasta el pr\u00f3ximo 29 de marzo.<br>En la audiencia estuvieron presentes el Fiscal de Instrucci\u00f3n N\u00b0 3, Dr. Jos\u00e9 Olgu\u00edn, la Dra. Andrea Court, Fiscal Adjunta; la Dra. Gabriela Rubiani, apoderada del particular damnificado; y el Dr. Jos\u00e9 Alberto Baudino, defensor de la imputada. Intervino como secretario el Dr. Fabi\u00e1n Aguilar.<br>Seg\u00fan el relato efectuado por el Ministerio P\u00fablico Fiscal en la audiencia de formulaci\u00f3n de cargos, el hecho investigado ocurri\u00f3 en un inmueble cito en la localidad de Fortuna, propiedad de una empresa que alquila campos para actividades rurales. Detall\u00f3 que exist\u00eda entre el denunciante y el padre de la imputada una relaci\u00f3n contractual para utilizar un campo para pastoreo. Explic\u00f3 que dicho contrato fue incumplido \u2013 por falta de pago \u2013 y que, luego de la muerte del padre de la imputada, la empresa intim\u00f3 a la mujer y a los herederos mediante cartas documentos a fin de solicitar la restituci\u00f3n del campo.<\/p>\n\n\n\n<figure class=\"wp-block-image size-full\"><img fetchpriority=\"high\" decoding=\"async\" width=\"637\" height=\"375\" src=\"https:\/\/vecinosdelinterior.com\/wp-content\/uploads\/2024\/02\/CAUSA-USURPACION.png\" alt=\"\" class=\"wp-image-1532\" srcset=\"https:\/\/vecinosdelinterior.com\/wp-content\/uploads\/2024\/02\/CAUSA-USURPACION.png 637w, https:\/\/vecinosdelinterior.com\/wp-content\/uploads\/2024\/02\/CAUSA-USURPACION-300x177.png 300w\" sizes=\"(max-width: 637px) 100vw, 637px\" \/><\/figure>\n","protected":false},"excerpt":{"rendered":"<p>El juez dispuso el desalojo del campo objeto del conflicto y la apertura a juicio oral durante la audiencia de control de acusaci\u00f3n que se realiz\u00f3 en el Juzgado de Garant\u00eda N\u00b0 1 de la Segunda Circunscripci\u00f3n Judicial.El Dr. Alfredo Cuello, Juez de Garant\u00eda N\u00b0 1, dispuso hoy la apertura a juicio en una causa [&hellip;]<\/p>\n","protected":false},"author":1,"featured_media":1532,"comment_status":"open","ping_status":"open","sticky":false,"template":"","format":"standard","meta":{"footnotes":""},"categories":[16,365],"tags":[],"class_list":["post-1531","post","type-post","status-publish","format-standard","has-post-thumbnail","hentry","category-dupuy","category-fortuna"],"_links":{"self":[{"href":"https:\/\/vecinosdelinterior.com\/index.php\/wp-json\/wp\/v2\/posts\/1531","targetHints":{"allow":["GET"]}}],"collection":[{"href":"https:\/\/vecinosdelinterior.com\/index.php\/wp-json\/wp\/v2\/posts"}],"about":[{"href":"https:\/\/vecinosdelinterior.com\/index.php\/wp-json\/wp\/v2\/types\/post"}],"author":[{"embeddable":true,"href":"https:\/\/vecinosdelinterior.com\/index.php\/wp-json\/wp\/v2\/users\/1"}],"replies":[{"embeddable":true,"href":"https:\/\/vecinosdelinterior.com\/index.php\/wp-json\/wp\/v2\/comments?post=1531"}],"version-history":[{"count":1,"href":"https:\/\/vecinosdelinterior.com\/index.php\/wp-json\/wp\/v2\/posts\/1531\/revisions"}],"predecessor-version":[{"id":1533,"href":"https:\/\/vecinosdelinterior.com\/index.php\/wp-json\/wp\/v2\/posts\/1531\/revisions\/1533"}],"wp:featuredmedia":[{"embeddable":true,"href":"https:\/\/vecinosdelinterior.com\/index.php\/wp-json\/wp\/v2\/media\/1532"}],"wp:attachment":[{"href":"https:\/\/vecinosdelinterior.com\/index.php\/wp-json\/wp\/v2\/media?parent=1531"}],"wp:term":[{"taxonomy":"category","embeddable":true,"href":"https:\/\/vecinosdelinterior.com\/index.php\/wp-json\/wp\/v2\/categories?post=1531"},{"taxonomy":"post_tag","embeddable":true,"href":"https:\/\/vecinosdelinterior.com\/index.php\/wp-json\/wp\/v2\/tags?post=1531"}],"curies":[{"name":"wp","href":"https:\/\/api.w.org\/{rel}","templated":true}]}}