{"id":1556,"date":"2024-02-26T21:14:26","date_gmt":"2024-02-27T00:14:26","guid":{"rendered":"https:\/\/vecinosdelinterior.com\/?p=1556"},"modified":"2024-02-26T21:14:26","modified_gmt":"2024-02-27T00:14:26","slug":"entregaron-equipamiento-para-colaborar-en-la-lucha-contra-el-fuego-del-norte-provincial","status":"publish","type":"post","link":"https:\/\/vecinosdelinterior.com\/index.php\/2024\/02\/26\/entregaron-equipamiento-para-colaborar-en-la-lucha-contra-el-fuego-del-norte-provincial\/","title":{"rendered":"Entregaron equipamiento para colaborar en la lucha contra el fuego del norte provincial"},"content":{"rendered":"\n<p><br>El Gobierno envi\u00f3 palas, rastrillos, picos y otras herramientas a los cuarteles de Bomberos Voluntarios de las localidades de Quines, Luj\u00e1n y Lafinur. El objetivo es fortalecer la capacidad de acci\u00f3n ante los incendios que ponen en riesgo tanto a los vecinos como al entorno natural de cada zona.<\/p>\n\n\n\n<p>El rol de los Bomberos Voluntarios es elemental por el enorme compromiso que sostienen en la protecci\u00f3n de cada comunidad, poniendo permanentemente el cuerpo ante situaciones de riesgo. Bajo este reconocimiento, y con el fin de consolidar v\u00ednculos y acciones en pos del cuidado del entorno natural, la secretar\u00eda de Ambiente y Desarrollo Sustentable entreg\u00f3 equipamiento destinado a la lucha contra el fuego en las localidades norte\u00f1as de Quines, Luj\u00e1n y Lafinur.<\/p>\n\n\n\n<p>La iniciativa sirve para colaborar con el importante trabajo que realizan en el combate contra incendios en zonas de interfase. En San Luis, la temporada alta de riesgos \u00edgneos comienza en el mes de julio y se extiende hasta noviembre, raz\u00f3n por la cual el Gobierno implementar\u00e1 en este tiempo una serie de acciones orientadas a la prevenci\u00f3n de incendios forestales.<\/p>\n\n\n\n<p>El \u00cdndice de Peligro de Propagaci\u00f3n de Incendios Forestales es otra herramienta con la que cuenta actualmente la cartera ambiental. Es importante porque es calculado a partir de variables registradas por las estaciones meteorol\u00f3gicas en tiempo real y permite conocer la peligrosidad de las condiciones meteorol\u00f3gicas para la ocurrencia de incendios.<\/p>\n\n\n\n<p>\u201cEstamos trabajando con los Bomberos Voluntarios porque son el primer eslab\u00f3n en la lucha contra el fuego. Por eso recorremos la provincia hablando sobre la importancia de realizar las picadas cortafuego y de prevenir incendios, para contribuir a su esfuerzo\u201d, se\u00f1al\u00f3 la jefa del \u00e1rea de Prevenci\u00f3n de Emergencias y Combate de Incendios Forestales, Agostina Auderut.<\/p>\n","protected":false},"excerpt":{"rendered":"<p>El Gobierno envi\u00f3 palas, rastrillos, picos y otras herramientas a los cuarteles de Bomberos Voluntarios de las localidades de Quines, Luj\u00e1n y Lafinur. El objetivo es fortalecer la capacidad de acci\u00f3n ante los incendios que ponen en riesgo tanto a los vecinos como al entorno natural de cada zona. El rol de los Bomberos Voluntarios [&hellip;]<\/p>\n","protected":false},"author":1,"featured_media":1557,"comment_status":"open","ping_status":"open","sticky":false,"template":"","format":"standard","meta":{"footnotes":""},"categories":[8,36,54],"tags":[368,369],"class_list":["post-1556","post","type-post","status-publish","format-standard","has-post-thumbnail","hentry","category-ayacucho","category-lujan","category-quines-ayacucho","tag-incendios","tag-prevencion"],"_links":{"self":[{"href":"https:\/\/vecinosdelinterior.com\/index.php\/wp-json\/wp\/v2\/posts\/1556","targetHints":{"allow":["GET"]}}],"collection":[{"href":"https:\/\/vecinosdelinterior.com\/index.php\/wp-json\/wp\/v2\/posts"}],"about":[{"href":"https:\/\/vecinosdelinterior.com\/index.php\/wp-json\/wp\/v2\/types\/post"}],"author":[{"embeddable":true,"href":"https:\/\/vecinosdelinterior.com\/index.php\/wp-json\/wp\/v2\/users\/1"}],"replies":[{"embeddable":true,"href":"https:\/\/vecinosdelinterior.com\/index.php\/wp-json\/wp\/v2\/comments?post=1556"}],"version-history":[{"count":1,"href":"https:\/\/vecinosdelinterior.com\/index.php\/wp-json\/wp\/v2\/posts\/1556\/revisions"}],"predecessor-version":[{"id":1558,"href":"https:\/\/vecinosdelinterior.com\/index.php\/wp-json\/wp\/v2\/posts\/1556\/revisions\/1558"}],"wp:featuredmedia":[{"embeddable":true,"href":"https:\/\/vecinosdelinterior.com\/index.php\/wp-json\/wp\/v2\/media\/1557"}],"wp:attachment":[{"href":"https:\/\/vecinosdelinterior.com\/index.php\/wp-json\/wp\/v2\/media?parent=1556"}],"wp:term":[{"taxonomy":"category","embeddable":true,"href":"https:\/\/vecinosdelinterior.com\/index.php\/wp-json\/wp\/v2\/categories?post=1556"},{"taxonomy":"post_tag","embeddable":true,"href":"https:\/\/vecinosdelinterior.com\/index.php\/wp-json\/wp\/v2\/tags?post=1556"}],"curies":[{"name":"wp","href":"https:\/\/api.w.org\/{rel}","templated":true}]}}