{"id":1562,"date":"2024-02-27T12:53:58","date_gmt":"2024-02-27T15:53:58","guid":{"rendered":"https:\/\/vecinosdelinterior.com\/?p=1562"},"modified":"2024-02-27T12:53:58","modified_gmt":"2024-02-27T15:53:58","slug":"villa-elena-la-policia-realizo-allanamientos-y-recupero-una-importante-suma-de-dinero-que-habia-sido-robado-a-una-mujer","status":"publish","type":"post","link":"https:\/\/vecinosdelinterior.com\/index.php\/2024\/02\/27\/villa-elena-la-policia-realizo-allanamientos-y-recupero-una-importante-suma-de-dinero-que-habia-sido-robado-a-una-mujer\/","title":{"rendered":"VILLA ELENA: La Polic\u00eda realiz\u00f3 allanamientos y recuper\u00f3 una importante suma de dinero que hab\u00eda sido robado a una mujer"},"content":{"rendered":"\n<p>En las \u00faltimas horas, la Polic\u00eda de la Provincia -a trav\u00e9s de diferentes dependencias-realiz\u00f3 allanamientos y recuper\u00f3 elementos que hab\u00edan sido robados a una mujer de 53 a\u00f1os de edad, en la localidad de Villa Elena.<br>El robo hab\u00eda sido d\u00edas atr\u00e1s, y a partir de ese momento se llevaron distintas tareas investigativas para poder esclarecer el hecho. En ese sentido, la damnificada cont\u00f3 a los efectivos policiales que tres sujetos hab\u00edan ingresado a su vivienda y, luego de maniatarla, le robaron dinero en efectivo y distintas pertenencias.<br>Tras obtener distintas pruebas y en base a las averiguaciones correspondientes, la Polic\u00eda<br>llev\u00f3 a cabo distintos allanamientos por orden de la Justicia en domicilios de Villa Larca, tras lo cual se recuper\u00f3 m\u00e1s de 4 millones de pesos en efectivo que hab\u00edan sido robados a la mujer. Adem\u00e1s se secuestraron distintos elementos de inter\u00e9s para la causa, como armas de fuego.<br>En la causa interviene la Unidad de Abordaje Fiscal de la Tercera Circunscripci\u00f3n Judicial, a cargo del Dr. Marcelo Salda\u00f1o y est\u00e1 caratulada como \u201caveriguaci\u00f3n robo calificado por el uso de arma de fuego en despoblado y en banda &#8211; privaci\u00f3n ileg\u00edtima de la libertad\u201d. En tanto, contin\u00faan las investigaciones con respecto al hecho.<\/p>\n\n\n\n<figure class=\"wp-block-gallery has-nested-images columns-default is-cropped wp-block-gallery-1 is-layout-flex wp-block-gallery-is-layout-flex\">\n<figure class=\"wp-block-image size-large\"><img fetchpriority=\"high\" decoding=\"async\" width=\"614\" height=\"868\" data-id=\"1563\" src=\"https:\/\/vecinosdelinterior.com\/wp-content\/uploads\/2024\/02\/429669420_256973510786676_5641994400078198461_n.jpg\" alt=\"\" class=\"wp-image-1563\" srcset=\"https:\/\/vecinosdelinterior.com\/wp-content\/uploads\/2024\/02\/429669420_256973510786676_5641994400078198461_n.jpg 614w, https:\/\/vecinosdelinterior.com\/wp-content\/uploads\/2024\/02\/429669420_256973510786676_5641994400078198461_n-212x300.jpg 212w\" sizes=\"(max-width: 614px) 100vw, 614px\" \/><\/figure>\n\n\n\n<figure class=\"wp-block-image size-large\"><img decoding=\"async\" width=\"900\" height=\"600\" data-id=\"1564\" src=\"https:\/\/vecinosdelinterior.com\/wp-content\/uploads\/2024\/02\/430138778_256973584120002_231314979718581522_n.jpg\" alt=\"\" class=\"wp-image-1564\" srcset=\"https:\/\/vecinosdelinterior.com\/wp-content\/uploads\/2024\/02\/430138778_256973584120002_231314979718581522_n.jpg 900w, https:\/\/vecinosdelinterior.com\/wp-content\/uploads\/2024\/02\/430138778_256973584120002_231314979718581522_n-300x200.jpg 300w, https:\/\/vecinosdelinterior.com\/wp-content\/uploads\/2024\/02\/430138778_256973584120002_231314979718581522_n-768x512.jpg 768w, https:\/\/vecinosdelinterior.com\/wp-content\/uploads\/2024\/02\/430138778_256973584120002_231314979718581522_n-750x500.jpg 750w\" sizes=\"(max-width: 900px) 100vw, 900px\" \/><\/figure>\n<\/figure>\n","protected":false},"excerpt":{"rendered":"<p>En las \u00faltimas horas, la Polic\u00eda de la Provincia -a trav\u00e9s de diferentes dependencias-realiz\u00f3 allanamientos y recuper\u00f3 elementos que hab\u00edan sido robados a una mujer de 53 a\u00f1os de edad, en la localidad de Villa Elena.El robo hab\u00eda sido d\u00edas atr\u00e1s, y a partir de ese momento se llevaron distintas tareas investigativas para poder esclarecer [&hellip;]<\/p>\n","protected":false},"author":1,"featured_media":1563,"comment_status":"open","ping_status":"open","sticky":false,"template":"","format":"standard","meta":{"footnotes":""},"categories":[1],"tags":[370],"class_list":["post-1562","post","type-post","status-publish","format-standard","has-post-thumbnail","hentry","category-blog","tag-villa-elena"],"_links":{"self":[{"href":"https:\/\/vecinosdelinterior.com\/index.php\/wp-json\/wp\/v2\/posts\/1562","targetHints":{"allow":["GET"]}}],"collection":[{"href":"https:\/\/vecinosdelinterior.com\/index.php\/wp-json\/wp\/v2\/posts"}],"about":[{"href":"https:\/\/vecinosdelinterior.com\/index.php\/wp-json\/wp\/v2\/types\/post"}],"author":[{"embeddable":true,"href":"https:\/\/vecinosdelinterior.com\/index.php\/wp-json\/wp\/v2\/users\/1"}],"replies":[{"embeddable":true,"href":"https:\/\/vecinosdelinterior.com\/index.php\/wp-json\/wp\/v2\/comments?post=1562"}],"version-history":[{"count":1,"href":"https:\/\/vecinosdelinterior.com\/index.php\/wp-json\/wp\/v2\/posts\/1562\/revisions"}],"predecessor-version":[{"id":1565,"href":"https:\/\/vecinosdelinterior.com\/index.php\/wp-json\/wp\/v2\/posts\/1562\/revisions\/1565"}],"wp:featuredmedia":[{"embeddable":true,"href":"https:\/\/vecinosdelinterior.com\/index.php\/wp-json\/wp\/v2\/media\/1563"}],"wp:attachment":[{"href":"https:\/\/vecinosdelinterior.com\/index.php\/wp-json\/wp\/v2\/media?parent=1562"}],"wp:term":[{"taxonomy":"category","embeddable":true,"href":"https:\/\/vecinosdelinterior.com\/index.php\/wp-json\/wp\/v2\/categories?post=1562"},{"taxonomy":"post_tag","embeddable":true,"href":"https:\/\/vecinosdelinterior.com\/index.php\/wp-json\/wp\/v2\/tags?post=1562"}],"curies":[{"name":"wp","href":"https:\/\/api.w.org\/{rel}","templated":true}]}}