{"id":157,"date":"2023-07-25T09:14:40","date_gmt":"2023-07-25T12:14:40","guid":{"rendered":"https:\/\/vecinosdelinterior.com\/?p=157"},"modified":"2023-07-25T09:14:41","modified_gmt":"2023-07-25T12:14:41","slug":"jarilla-bomberos-sofocaron-un-incendio-de-un-colectivo-interurbano","status":"publish","type":"post","link":"https:\/\/vecinosdelinterior.com\/index.php\/2023\/07\/25\/jarilla-bomberos-sofocaron-un-incendio-de-un-colectivo-interurbano\/","title":{"rendered":"Jarilla: bomberos sofocaron un incendio de un colectivo interurbano"},"content":{"rendered":"\n<p><\/p>\n\n\n\n<p>Efectivos de la Direcci\u00f3n General de Bomberos extinguieron el incendio en un colectivo que realizaba viajes desde la localidad desde la Ciudad de San Luis hacia Desaguadero.<\/p>\n\n\n\n<figure class=\"wp-block-image size-full\"><img fetchpriority=\"high\" decoding=\"async\" width=\"423\" height=\"271\" src=\"https:\/\/vecinosdelinterior.com\/wp-content\/uploads\/2023\/07\/bomberos-PSL1.jpg\" alt=\"\" class=\"wp-image-158\" srcset=\"https:\/\/vecinosdelinterior.com\/wp-content\/uploads\/2023\/07\/bomberos-PSL1.jpg 423w, https:\/\/vecinosdelinterior.com\/wp-content\/uploads\/2023\/07\/bomberos-PSL1-300x192.jpg 300w\" sizes=\"(max-width: 423px) 100vw, 423px\" \/><\/figure>\n\n\n\n<p>La intervenci\u00f3n fue en horas de la ma\u00f1ana, de este lunes 24 del corriente.<\/p>\n\n\n\n<p>Por razones que se tratan de establecer, el siniestro se habr\u00eda producido aparentemente por un desperfecto mec\u00e1nico.<\/p>\n\n\n\n<p>En la ocasi\u00f3n el conductor de 59 a\u00f1os de edad, percibi\u00f3 el olor a humo que proven\u00eda de la palanca de cambio y descendi\u00f3 a los pasajeros.<\/p>\n\n\n\n<p>Solo se registraron da\u00f1os materiales.<\/p>\n\n\n\n<p>Bomberos del Cuartel Central, realizaron las maniobras de extinci\u00f3n y enfriamiento.<\/p>\n\n\n\n<p>En el lugar tambi\u00e9n trabaj\u00f3 personal de Comisar\u00eda 48\u00b0 de Balde.<\/p>\n","protected":false},"excerpt":{"rendered":"<p>Efectivos de la Direcci\u00f3n General de Bomberos extinguieron el incendio en un colectivo que realizaba viajes desde la localidad desde la Ciudad de San Luis hacia Desaguadero. La intervenci\u00f3n fue en horas de la ma\u00f1ana, de este lunes 24 del corriente. Por razones que se tratan de establecer, el siniestro se habr\u00eda producido aparentemente por [&hellip;]<\/p>\n","protected":false},"author":1,"featured_media":158,"comment_status":"open","ping_status":"open","sticky":false,"template":"","format":"standard","meta":{"footnotes":""},"categories":[76],"tags":[77,78],"class_list":["post-157","post","type-post","status-publish","format-standard","has-post-thumbnail","hentry","category-jarilla","tag-incendio","tag-jarilla"],"_links":{"self":[{"href":"https:\/\/vecinosdelinterior.com\/index.php\/wp-json\/wp\/v2\/posts\/157","targetHints":{"allow":["GET"]}}],"collection":[{"href":"https:\/\/vecinosdelinterior.com\/index.php\/wp-json\/wp\/v2\/posts"}],"about":[{"href":"https:\/\/vecinosdelinterior.com\/index.php\/wp-json\/wp\/v2\/types\/post"}],"author":[{"embeddable":true,"href":"https:\/\/vecinosdelinterior.com\/index.php\/wp-json\/wp\/v2\/users\/1"}],"replies":[{"embeddable":true,"href":"https:\/\/vecinosdelinterior.com\/index.php\/wp-json\/wp\/v2\/comments?post=157"}],"version-history":[{"count":1,"href":"https:\/\/vecinosdelinterior.com\/index.php\/wp-json\/wp\/v2\/posts\/157\/revisions"}],"predecessor-version":[{"id":159,"href":"https:\/\/vecinosdelinterior.com\/index.php\/wp-json\/wp\/v2\/posts\/157\/revisions\/159"}],"wp:featuredmedia":[{"embeddable":true,"href":"https:\/\/vecinosdelinterior.com\/index.php\/wp-json\/wp\/v2\/media\/158"}],"wp:attachment":[{"href":"https:\/\/vecinosdelinterior.com\/index.php\/wp-json\/wp\/v2\/media?parent=157"}],"wp:term":[{"taxonomy":"category","embeddable":true,"href":"https:\/\/vecinosdelinterior.com\/index.php\/wp-json\/wp\/v2\/categories?post=157"},{"taxonomy":"post_tag","embeddable":true,"href":"https:\/\/vecinosdelinterior.com\/index.php\/wp-json\/wp\/v2\/tags?post=157"}],"curies":[{"name":"wp","href":"https:\/\/api.w.org\/{rel}","templated":true}]}}