{"id":160,"date":"2023-07-25T19:36:17","date_gmt":"2023-07-25T22:36:17","guid":{"rendered":"https:\/\/vecinosdelinterior.com\/?p=160"},"modified":"2023-07-25T19:36:18","modified_gmt":"2023-07-25T22:36:18","slug":"trabajan-en-una-obra-que-mejorara-la-transitabilidad-de-los-vecinos-de-quines","status":"publish","type":"post","link":"https:\/\/vecinosdelinterior.com\/index.php\/2023\/07\/25\/trabajan-en-una-obra-que-mejorara-la-transitabilidad-de-los-vecinos-de-quines\/","title":{"rendered":"Trabajan en una obra que mejorar\u00e1 la transitabilidad de los vecinos de Quines"},"content":{"rendered":"\n<p>Impulsado por el Gobierno provincial a trav\u00e9s del Ministerio de Obras P\u00fablicas e Infraestructura, el proyecto contempla 18 cuadras de pavimento de hormig\u00f3n con cord\u00f3n integral en la zona urbana que garantizar\u00e1 una buena circulaci\u00f3n y seguridad en estos sectores con un gran beneficio para sus habitantes.<\/p>\n\n\n\n<figure class=\"wp-block-gallery has-nested-images columns-default is-cropped wp-block-gallery-1 is-layout-flex wp-block-gallery-is-layout-flex\">\n<figure class=\"wp-block-image size-large\"><img fetchpriority=\"high\" decoding=\"async\" width=\"1024\" height=\"683\" data-id=\"161\" src=\"https:\/\/vecinosdelinterior.com\/wp-content\/uploads\/2023\/07\/LOR0926-2048x1366-1-1024x683.jpg\" alt=\"\" class=\"wp-image-161\" srcset=\"https:\/\/vecinosdelinterior.com\/wp-content\/uploads\/2023\/07\/LOR0926-2048x1366-1-1024x683.jpg 1024w, https:\/\/vecinosdelinterior.com\/wp-content\/uploads\/2023\/07\/LOR0926-2048x1366-1-300x200.jpg 300w, https:\/\/vecinosdelinterior.com\/wp-content\/uploads\/2023\/07\/LOR0926-2048x1366-1-768x512.jpg 768w, https:\/\/vecinosdelinterior.com\/wp-content\/uploads\/2023\/07\/LOR0926-2048x1366-1-1536x1025.jpg 1536w, https:\/\/vecinosdelinterior.com\/wp-content\/uploads\/2023\/07\/LOR0926-2048x1366-1.jpg 2048w\" sizes=\"(max-width: 1024px) 100vw, 1024px\" \/><\/figure>\n\n\n\n<figure class=\"wp-block-image size-large\"><img decoding=\"async\" width=\"1024\" height=\"683\" data-id=\"162\" src=\"https:\/\/vecinosdelinterior.com\/wp-content\/uploads\/2023\/07\/LOR0934-scaled-1-1024x683.jpg\" alt=\"\" class=\"wp-image-162\" srcset=\"https:\/\/vecinosdelinterior.com\/wp-content\/uploads\/2023\/07\/LOR0934-scaled-1-1024x683.jpg 1024w, https:\/\/vecinosdelinterior.com\/wp-content\/uploads\/2023\/07\/LOR0934-scaled-1-300x200.jpg 300w, https:\/\/vecinosdelinterior.com\/wp-content\/uploads\/2023\/07\/LOR0934-scaled-1-768x512.jpg 768w, https:\/\/vecinosdelinterior.com\/wp-content\/uploads\/2023\/07\/LOR0934-scaled-1-1536x1024.jpg 1536w, https:\/\/vecinosdelinterior.com\/wp-content\/uploads\/2023\/07\/LOR0934-scaled-1-2048x1366.jpg 2048w\" sizes=\"(max-width: 1024px) 100vw, 1024px\" \/><\/figure>\n<\/figure>\n\n\n\n<p>\u201cEsta obra es muy positiva para la comunidad, aporta a la facilidad del tr\u00e1nsito, embellece a la v\u00eda p\u00fablica y suma al turismo que le gusta ver un pueblo floreciente, iluminado y pavimentado\u201d, coment\u00f3 Gabriel, vecino de la localidad qui\u00e9n transita diariamente la zona.<\/p>\n\n\n\n<p>Con una inversi\u00f3n de $308.343.835,10 y un plazo de finalizaci\u00f3n de obra de 210 d\u00edas corridos, el pueblo del norte puntano contar\u00e1 con 19.742 m\u00b2 totalmente pavimentados y acondicionados que se suman a las 24 cuadras inauguradas en noviembre del pasado a\u00f1o por el gobernador de la provincia, Alberto Rodr\u00edguez Sa\u00e1.<\/p>\n\n\n\n<p>Estas mejoras garantizar\u00e1n comodidad y est\u00e9tica a una localidad que se encuentra en constante crecimiento.<\/p>\n","protected":false},"excerpt":{"rendered":"<p>Impulsado por el Gobierno provincial a trav\u00e9s del Ministerio de Obras P\u00fablicas e Infraestructura, el proyecto contempla 18 cuadras de pavimento de hormig\u00f3n con cord\u00f3n integral en la zona urbana que garantizar\u00e1 una buena circulaci\u00f3n y seguridad en estos sectores con un gran beneficio para sus habitantes. \u201cEsta obra es muy positiva para la comunidad, [&hellip;]<\/p>\n","protected":false},"author":1,"featured_media":161,"comment_status":"open","ping_status":"open","sticky":false,"template":"","format":"standard","meta":{"footnotes":""},"categories":[8,54],"tags":[79],"class_list":["post-160","post","type-post","status-publish","format-standard","has-post-thumbnail","hentry","category-ayacucho","category-quines-ayacucho","tag-obras"],"_links":{"self":[{"href":"https:\/\/vecinosdelinterior.com\/index.php\/wp-json\/wp\/v2\/posts\/160","targetHints":{"allow":["GET"]}}],"collection":[{"href":"https:\/\/vecinosdelinterior.com\/index.php\/wp-json\/wp\/v2\/posts"}],"about":[{"href":"https:\/\/vecinosdelinterior.com\/index.php\/wp-json\/wp\/v2\/types\/post"}],"author":[{"embeddable":true,"href":"https:\/\/vecinosdelinterior.com\/index.php\/wp-json\/wp\/v2\/users\/1"}],"replies":[{"embeddable":true,"href":"https:\/\/vecinosdelinterior.com\/index.php\/wp-json\/wp\/v2\/comments?post=160"}],"version-history":[{"count":1,"href":"https:\/\/vecinosdelinterior.com\/index.php\/wp-json\/wp\/v2\/posts\/160\/revisions"}],"predecessor-version":[{"id":163,"href":"https:\/\/vecinosdelinterior.com\/index.php\/wp-json\/wp\/v2\/posts\/160\/revisions\/163"}],"wp:featuredmedia":[{"embeddable":true,"href":"https:\/\/vecinosdelinterior.com\/index.php\/wp-json\/wp\/v2\/media\/161"}],"wp:attachment":[{"href":"https:\/\/vecinosdelinterior.com\/index.php\/wp-json\/wp\/v2\/media?parent=160"}],"wp:term":[{"taxonomy":"category","embeddable":true,"href":"https:\/\/vecinosdelinterior.com\/index.php\/wp-json\/wp\/v2\/categories?post=160"},{"taxonomy":"post_tag","embeddable":true,"href":"https:\/\/vecinosdelinterior.com\/index.php\/wp-json\/wp\/v2\/tags?post=160"}],"curies":[{"name":"wp","href":"https:\/\/api.w.org\/{rel}","templated":true}]}}