{"id":1604,"date":"2024-03-07T11:48:40","date_gmt":"2024-03-07T14:48:40","guid":{"rendered":"https:\/\/vecinosdelinterior.com\/?p=1604"},"modified":"2024-03-07T11:48:40","modified_gmt":"2024-03-07T14:48:40","slug":"detectan-dos-casos-autoctonos-de-dengue-en-quines","status":"publish","type":"post","link":"https:\/\/vecinosdelinterior.com\/index.php\/2024\/03\/07\/detectan-dos-casos-autoctonos-de-dengue-en-quines\/","title":{"rendered":"Detectan dos casos aut\u00f3ctonos de dengue en Quines"},"content":{"rendered":"\n<p><\/p>\n\n\n\n<p>Ante el reporte de la situaci\u00f3n epidemiol\u00f3gica del departamento Ayacucho, se detectaron dos casos activos y aut\u00f3ctonos de dengue en Quines y se analizan otros dos sospechosos en San Francisco del Monte de Oro.<\/p>\n\n\n\n<p>Seg\u00fan inform\u00f3 a Norte Puntano, el jefe de Epidemiolog\u00eda, Edgar Ribba, en Candelaria se realiz\u00f3 un an\u00e1lisis a un caso sospechoso, pero result\u00f3 negativo y fue descartado.<\/p>\n\n\n\n<p>A la espera del resultado de un caso sospechoso en San Francisco, ya que el otro fue confirmado que es importado, aumentan los casos activos en San Luis.<\/p>\n\n\n\n<p>El Ministerio de Salud env\u00eda un equipo de Vigilancia Epidemiol\u00f3gica que recorre casa por casa de las localidades de la provincia para realizar rastrillajes, b\u00fasqueda de febriles y comentan tareas de prevenci\u00f3n a los vecinos.<\/p>\n\n\n\n<p>El dengue es una enfermedad viral transmitida por la picadura del mosquito Aedes Aegypti que cuando se alimenta con sangre de una persona contagiada y luego pica a otras personas, les transmite esta enfermedad.<\/p>\n\n\n\n<p>El principal s\u00edntoma de la enfermedad es la fiebre, dolor detr\u00e1s de los ojos, de cabeza, muscular y de articulaciones, n\u00e1useas y v\u00f3mitos, cansancio intenso, aparici\u00f3n de manchas en la piel y picaz\u00f3n o sangrado de nariz y enc\u00edas.<\/p>\n\n\n\n<p>No se debe automedicar y acudir al centro de salud m\u00e1s cercano para recibir las indicaciones m\u00e9dicas correctas de inmediato.<\/p>\n","protected":false},"excerpt":{"rendered":"<p>Ante el reporte de la situaci\u00f3n epidemiol\u00f3gica del departamento Ayacucho, se detectaron dos casos activos y aut\u00f3ctonos de dengue en Quines y se analizan otros dos sospechosos en San Francisco del Monte de Oro. Seg\u00fan inform\u00f3 a Norte Puntano, el jefe de Epidemiolog\u00eda, Edgar Ribba, en Candelaria se realiz\u00f3 un an\u00e1lisis a un caso sospechoso, [&hellip;]<\/p>\n","protected":false},"author":1,"featured_media":1605,"comment_status":"open","ping_status":"open","sticky":false,"template":"","format":"standard","meta":{"footnotes":""},"categories":[8,54],"tags":[373],"class_list":["post-1604","post","type-post","status-publish","format-standard","has-post-thumbnail","hentry","category-ayacucho","category-quines-ayacucho","tag-dengue"],"_links":{"self":[{"href":"https:\/\/vecinosdelinterior.com\/index.php\/wp-json\/wp\/v2\/posts\/1604","targetHints":{"allow":["GET"]}}],"collection":[{"href":"https:\/\/vecinosdelinterior.com\/index.php\/wp-json\/wp\/v2\/posts"}],"about":[{"href":"https:\/\/vecinosdelinterior.com\/index.php\/wp-json\/wp\/v2\/types\/post"}],"author":[{"embeddable":true,"href":"https:\/\/vecinosdelinterior.com\/index.php\/wp-json\/wp\/v2\/users\/1"}],"replies":[{"embeddable":true,"href":"https:\/\/vecinosdelinterior.com\/index.php\/wp-json\/wp\/v2\/comments?post=1604"}],"version-history":[{"count":1,"href":"https:\/\/vecinosdelinterior.com\/index.php\/wp-json\/wp\/v2\/posts\/1604\/revisions"}],"predecessor-version":[{"id":1606,"href":"https:\/\/vecinosdelinterior.com\/index.php\/wp-json\/wp\/v2\/posts\/1604\/revisions\/1606"}],"wp:featuredmedia":[{"embeddable":true,"href":"https:\/\/vecinosdelinterior.com\/index.php\/wp-json\/wp\/v2\/media\/1605"}],"wp:attachment":[{"href":"https:\/\/vecinosdelinterior.com\/index.php\/wp-json\/wp\/v2\/media?parent=1604"}],"wp:term":[{"taxonomy":"category","embeddable":true,"href":"https:\/\/vecinosdelinterior.com\/index.php\/wp-json\/wp\/v2\/categories?post=1604"},{"taxonomy":"post_tag","embeddable":true,"href":"https:\/\/vecinosdelinterior.com\/index.php\/wp-json\/wp\/v2\/tags?post=1604"}],"curies":[{"name":"wp","href":"https:\/\/api.w.org\/{rel}","templated":true}]}}