{"id":1607,"date":"2024-03-07T20:23:16","date_gmt":"2024-03-07T23:23:16","guid":{"rendered":"https:\/\/vecinosdelinterior.com\/?p=1607"},"modified":"2024-03-07T20:23:16","modified_gmt":"2024-03-07T23:23:16","slug":"un-utilitario-del-correo-argentino-choco-contra-un-auto-estacionado-en-la-autopista-saladillo","status":"publish","type":"post","link":"https:\/\/vecinosdelinterior.com\/index.php\/2024\/03\/07\/un-utilitario-del-correo-argentino-choco-contra-un-auto-estacionado-en-la-autopista-saladillo\/","title":{"rendered":"Un utilitario del Correo Argentino choc\u00f3 contra un auto estacionado en la autopista Saladillo"},"content":{"rendered":"\n<p><\/p>\n\n\n\n<p>La Polic\u00eda de la Provincia inform\u00f3 que una camioneta del Correo Argentino protagoniz\u00f3, este mi\u00e9rcoles por la tarde, un choque contra un autom\u00f3vil que estaba estacionado entre el kil\u00f3metro 41 y 42 de la autopista Saladillo.<\/p>\n\n\n\n<p>El siniestro fue protagonizado por un auto Volkswagen Senda, conducido por un hombre de apellido Barloa y un utilitario Ford Transit del Correo Argentino, que conduc\u00eda otro hombre de apellido Borgia.<\/p>\n\n\n\n<p>Los efectivos indicaron que el utilitario impact\u00f3 con la parte trasera del auto que se encontraba estacionado al costado de la carpeta asf\u00e1ltica. Tras el choque, el conductor del rodado menor fue trasladado en una ambulancia al Hospital Central \u201cRam\u00f3n Carrillo\u201d por las heridas expuestas.<\/p>\n\n\n\n<p>En el lugar trabajaron efectivos de la Comisar\u00eda 16\u00b0 de La Toma, del Destacamento 20\u00b0 de Saladillo, bomberos voluntarios de El Volc\u00e1n, bomberos de la Polic\u00eda, Polic\u00eda Cient\u00edfica y el Ente Control de Rutas. (SL24)<\/p>\n\n\n\n<div class=\"wp-block-group\"><div class=\"wp-block-group__inner-container is-layout-constrained wp-block-group-is-layout-constrained\">\n<figure class=\"wp-block-gallery has-nested-images columns-default is-cropped wp-block-gallery-1 is-layout-flex wp-block-gallery-is-layout-flex\">\n<figure class=\"wp-block-image size-large\"><img fetchpriority=\"high\" decoding=\"async\" width=\"768\" height=\"1024\" src=\"https:\/\/vecinosdelinterior.com\/wp-content\/uploads\/2024\/03\/WhatsApp-Image-2024-03-07-at-8.19.31-PM-768x1024.jpeg\" alt=\"\" class=\"wp-image-1608\" srcset=\"https:\/\/vecinosdelinterior.com\/wp-content\/uploads\/2024\/03\/WhatsApp-Image-2024-03-07-at-8.19.31-PM-768x1024.jpeg 768w, https:\/\/vecinosdelinterior.com\/wp-content\/uploads\/2024\/03\/WhatsApp-Image-2024-03-07-at-8.19.31-PM-225x300.jpeg 225w, https:\/\/vecinosdelinterior.com\/wp-content\/uploads\/2024\/03\/WhatsApp-Image-2024-03-07-at-8.19.31-PM-750x1000.jpeg 750w, https:\/\/vecinosdelinterior.com\/wp-content\/uploads\/2024\/03\/WhatsApp-Image-2024-03-07-at-8.19.31-PM.jpeg 960w\" sizes=\"(max-width: 768px) 100vw, 768px\" \/><\/figure>\n\n\n\n<figure class=\"wp-block-image size-large\"><img decoding=\"async\" width=\"375\" height=\"639\" src=\"https:\/\/vecinosdelinterior.com\/wp-content\/uploads\/2024\/03\/7-3-2024-20-21-46.jpg\" alt=\"\" class=\"wp-image-1609\" srcset=\"https:\/\/vecinosdelinterior.com\/wp-content\/uploads\/2024\/03\/7-3-2024-20-21-46.jpg 375w, https:\/\/vecinosdelinterior.com\/wp-content\/uploads\/2024\/03\/7-3-2024-20-21-46-176x300.jpg 176w\" sizes=\"(max-width: 375px) 100vw, 375px\" \/><\/figure>\n<\/figure>\n<\/div><\/div>\n\n\n\n<p><\/p>\n","protected":false},"excerpt":{"rendered":"<p>La Polic\u00eda de la Provincia inform\u00f3 que una camioneta del Correo Argentino protagoniz\u00f3, este mi\u00e9rcoles por la tarde, un choque contra un autom\u00f3vil que estaba estacionado entre el kil\u00f3metro 41 y 42 de la autopista Saladillo. El siniestro fue protagonizado por un auto Volkswagen Senda, conducido por un hombre de apellido Barloa y un utilitario [&hellip;]<\/p>\n","protected":false},"author":1,"featured_media":1608,"comment_status":"open","ping_status":"open","sticky":false,"template":"","format":"standard","meta":{"footnotes":""},"categories":[374],"tags":[],"class_list":["post-1607","post","type-post","status-publish","format-standard","has-post-thumbnail","hentry","category-saladillo"],"_links":{"self":[{"href":"https:\/\/vecinosdelinterior.com\/index.php\/wp-json\/wp\/v2\/posts\/1607","targetHints":{"allow":["GET"]}}],"collection":[{"href":"https:\/\/vecinosdelinterior.com\/index.php\/wp-json\/wp\/v2\/posts"}],"about":[{"href":"https:\/\/vecinosdelinterior.com\/index.php\/wp-json\/wp\/v2\/types\/post"}],"author":[{"embeddable":true,"href":"https:\/\/vecinosdelinterior.com\/index.php\/wp-json\/wp\/v2\/users\/1"}],"replies":[{"embeddable":true,"href":"https:\/\/vecinosdelinterior.com\/index.php\/wp-json\/wp\/v2\/comments?post=1607"}],"version-history":[{"count":1,"href":"https:\/\/vecinosdelinterior.com\/index.php\/wp-json\/wp\/v2\/posts\/1607\/revisions"}],"predecessor-version":[{"id":1610,"href":"https:\/\/vecinosdelinterior.com\/index.php\/wp-json\/wp\/v2\/posts\/1607\/revisions\/1610"}],"wp:featuredmedia":[{"embeddable":true,"href":"https:\/\/vecinosdelinterior.com\/index.php\/wp-json\/wp\/v2\/media\/1608"}],"wp:attachment":[{"href":"https:\/\/vecinosdelinterior.com\/index.php\/wp-json\/wp\/v2\/media?parent=1607"}],"wp:term":[{"taxonomy":"category","embeddable":true,"href":"https:\/\/vecinosdelinterior.com\/index.php\/wp-json\/wp\/v2\/categories?post=1607"},{"taxonomy":"post_tag","embeddable":true,"href":"https:\/\/vecinosdelinterior.com\/index.php\/wp-json\/wp\/v2\/tags?post=1607"}],"curies":[{"name":"wp","href":"https:\/\/api.w.org\/{rel}","templated":true}]}}