{"id":1611,"date":"2024-03-09T11:57:12","date_gmt":"2024-03-09T14:57:12","guid":{"rendered":"https:\/\/vecinosdelinterior.com\/?p=1611"},"modified":"2024-03-09T11:57:12","modified_gmt":"2024-03-09T14:57:12","slug":"el-camion-sanitario-llega-este-lunes-a-paso-del-rey","status":"publish","type":"post","link":"https:\/\/vecinosdelinterior.com\/index.php\/2024\/03\/09\/el-camion-sanitario-llega-este-lunes-a-paso-del-rey\/","title":{"rendered":"El cami\u00f3n sanitario llega este lunes a Paso del Rey"},"content":{"rendered":"\n<p>El m\u00f3vil que recorre la provincia visitar\u00e1 el departamento Pringles con un equipo multidisciplinario de profesionales.<\/p>\n\n\n\n<p>Este lunes 11 de marzo, a partir de las 9:30, los vecinos de Paso del Rey podr\u00e1n acercarse a la Escuela N\u00b0146 \u2018Granadero Tom\u00e1s Cuello\u2019 para realizarse controles de rutina, completar el calendario de vacunaci\u00f3n y consultar con m\u00e9dicos especialistas para prevenir y detectar patolog\u00edas. Deber\u00e1n concurrir con DNI y libreta de salud en el caso de los menores.<\/p>\n\n\n\n<p>Atender\u00e1n m\u00e9dicos generalistas, obstetras, odont\u00f3logos, enfermeros, psic\u00f3logos, nutricionistas, fonoaudi\u00f3logos y agentes sanitarios.<\/p>\n\n\n\n<figure class=\"wp-block-image size-large\"><img fetchpriority=\"high\" decoding=\"async\" width=\"1024\" height=\"1024\" src=\"https:\/\/vecinosdelinterior.com\/wp-content\/uploads\/2024\/03\/11-03-Salud-Va-Camion-Sanitario-Paso-del-Rey-1024x1024.png\" alt=\"\" class=\"wp-image-1612\" srcset=\"https:\/\/vecinosdelinterior.com\/wp-content\/uploads\/2024\/03\/11-03-Salud-Va-Camion-Sanitario-Paso-del-Rey-1024x1024.png 1024w, https:\/\/vecinosdelinterior.com\/wp-content\/uploads\/2024\/03\/11-03-Salud-Va-Camion-Sanitario-Paso-del-Rey-300x300.png 300w, https:\/\/vecinosdelinterior.com\/wp-content\/uploads\/2024\/03\/11-03-Salud-Va-Camion-Sanitario-Paso-del-Rey-150x150.png 150w, https:\/\/vecinosdelinterior.com\/wp-content\/uploads\/2024\/03\/11-03-Salud-Va-Camion-Sanitario-Paso-del-Rey-768x768.png 768w, https:\/\/vecinosdelinterior.com\/wp-content\/uploads\/2024\/03\/11-03-Salud-Va-Camion-Sanitario-Paso-del-Rey-75x75.png 75w, https:\/\/vecinosdelinterior.com\/wp-content\/uploads\/2024\/03\/11-03-Salud-Va-Camion-Sanitario-Paso-del-Rey-750x750.png 750w, https:\/\/vecinosdelinterior.com\/wp-content\/uploads\/2024\/03\/11-03-Salud-Va-Camion-Sanitario-Paso-del-Rey.png 1080w\" sizes=\"(max-width: 1024px) 100vw, 1024px\" \/><\/figure>\n","protected":false},"excerpt":{"rendered":"<p>El m\u00f3vil que recorre la provincia visitar\u00e1 el departamento Pringles con un equipo multidisciplinario de profesionales. Este lunes 11 de marzo, a partir de las 9:30, los vecinos de Paso del Rey podr\u00e1n acercarse a la Escuela N\u00b0146 \u2018Granadero Tom\u00e1s Cuello\u2019 para realizarse controles de rutina, completar el calendario de vacunaci\u00f3n y consultar con m\u00e9dicos [&hellip;]<\/p>\n","protected":false},"author":1,"featured_media":1613,"comment_status":"open","ping_status":"open","sticky":false,"template":"","format":"standard","meta":{"footnotes":""},"categories":[2],"tags":[375],"class_list":["post-1611","post","type-post","status-publish","format-standard","has-post-thumbnail","hentry","category-pringles","tag-paso-del-rey"],"_links":{"self":[{"href":"https:\/\/vecinosdelinterior.com\/index.php\/wp-json\/wp\/v2\/posts\/1611","targetHints":{"allow":["GET"]}}],"collection":[{"href":"https:\/\/vecinosdelinterior.com\/index.php\/wp-json\/wp\/v2\/posts"}],"about":[{"href":"https:\/\/vecinosdelinterior.com\/index.php\/wp-json\/wp\/v2\/types\/post"}],"author":[{"embeddable":true,"href":"https:\/\/vecinosdelinterior.com\/index.php\/wp-json\/wp\/v2\/users\/1"}],"replies":[{"embeddable":true,"href":"https:\/\/vecinosdelinterior.com\/index.php\/wp-json\/wp\/v2\/comments?post=1611"}],"version-history":[{"count":1,"href":"https:\/\/vecinosdelinterior.com\/index.php\/wp-json\/wp\/v2\/posts\/1611\/revisions"}],"predecessor-version":[{"id":1614,"href":"https:\/\/vecinosdelinterior.com\/index.php\/wp-json\/wp\/v2\/posts\/1611\/revisions\/1614"}],"wp:featuredmedia":[{"embeddable":true,"href":"https:\/\/vecinosdelinterior.com\/index.php\/wp-json\/wp\/v2\/media\/1613"}],"wp:attachment":[{"href":"https:\/\/vecinosdelinterior.com\/index.php\/wp-json\/wp\/v2\/media?parent=1611"}],"wp:term":[{"taxonomy":"category","embeddable":true,"href":"https:\/\/vecinosdelinterior.com\/index.php\/wp-json\/wp\/v2\/categories?post=1611"},{"taxonomy":"post_tag","embeddable":true,"href":"https:\/\/vecinosdelinterior.com\/index.php\/wp-json\/wp\/v2\/tags?post=1611"}],"curies":[{"name":"wp","href":"https:\/\/api.w.org\/{rel}","templated":true}]}}