{"id":1638,"date":"2024-03-10T11:24:15","date_gmt":"2024-03-10T14:24:15","guid":{"rendered":"https:\/\/vecinosdelinterior.com\/?p=1638"},"modified":"2024-03-10T11:24:15","modified_gmt":"2024-03-10T14:24:15","slug":"solicitan-el-paradero-de-3-personas-en-la-provincia","status":"publish","type":"post","link":"https:\/\/vecinosdelinterior.com\/index.php\/2024\/03\/10\/solicitan-el-paradero-de-3-personas-en-la-provincia\/","title":{"rendered":"Solicitan el paradero de 3 personas en la provincia"},"content":{"rendered":"\n<p><\/p>\n\n\n\n<p>Son distintos casos de solicitud de paradero que se han dado en las \u00faltimas 48 horas.<\/p>\n\n\n\n<p>El primer caso se trata de Estela Maris Gobbi, de 61 a\u00f1os de edad, con domicilio en el barrio Pucar\u00e1, manzana \u201cD\u201d, casa 4.<\/p>\n\n\n\n<p>Fue vista por \u00faltima vez el pasado mi\u00e9rcoles 6 de marzo a las 20:00 hs, aproximadamente, en dicho domicilio.<\/p>\n\n\n\n<p>Su hija Ver\u00f3nica Eliana Gobbi, de 41 a\u00f1os de edad, realiz\u00f3 el escrito formal en las \u00faltimas horas en la citada dependencia policial.<\/p>\n\n\n\n<p>Estela Gobbi, al \u00faltimo momento de ser visualizada, aducen que vest\u00eda un pantal\u00f3n largo negro y llevaba una cartera negra y gris.<\/p>\n\n\n\n<p>La mujer mide 1.70 metros de estatura, es delgada, es de tez clara, tiene ojos marrones y cabellos casta\u00f1os oscuros, a la altura de los hombros.<\/p>\n\n\n\n<p>Como se\u00f1a particular posee una cicatriz de una operaci\u00f3n en el tobillo izquierdo.<\/p>\n\n\n\n<figure class=\"wp-block-image size-full\"><img fetchpriority=\"high\" decoding=\"async\" width=\"705\" height=\"649\" src=\"https:\/\/vecinosdelinterior.com\/wp-content\/uploads\/2024\/03\/WhatsApp-Image-2024-03-09-at-9.52.23-PM.jpeg\" alt=\"\" class=\"wp-image-1639\" srcset=\"https:\/\/vecinosdelinterior.com\/wp-content\/uploads\/2024\/03\/WhatsApp-Image-2024-03-09-at-9.52.23-PM.jpeg 705w, https:\/\/vecinosdelinterior.com\/wp-content\/uploads\/2024\/03\/WhatsApp-Image-2024-03-09-at-9.52.23-PM-300x276.jpeg 300w\" sizes=\"(max-width: 705px) 100vw, 705px\" \/><\/figure>\n\n\n\n<p>El segundo caso es de un joven,<\/p>\n\n\n\n<p>Fabrizzio Hern\u00e1n Herrera, de 15 a\u00f1os.<br>Vive en el barrio Procrear, manzana 118, bloque 2, departamento 2A.<br>Su madre realiz\u00f3 el escrito formal en las \u00faltimas horas.<br>El adolescente mide 1,65 mts. de estatura, es de tez blanca y tiene cabellos casta\u00f1os. Al momento de ausentarse podr\u00eda vestir una remera verde \u201ccamuflada\u201d, bermuda, y calzaba zapatillas marca Salomon negras.<\/p>\n\n\n\n<figure class=\"wp-block-image size-full\"><img decoding=\"async\" width=\"622\" height=\"873\" src=\"https:\/\/vecinosdelinterior.com\/wp-content\/uploads\/2024\/03\/WhatsApp-Image-2024-03-10-at-12.36.50-AM.jpeg\" alt=\"\" class=\"wp-image-1640\" srcset=\"https:\/\/vecinosdelinterior.com\/wp-content\/uploads\/2024\/03\/WhatsApp-Image-2024-03-10-at-12.36.50-AM.jpeg 622w, https:\/\/vecinosdelinterior.com\/wp-content\/uploads\/2024\/03\/WhatsApp-Image-2024-03-10-at-12.36.50-AM-214x300.jpeg 214w, https:\/\/vecinosdelinterior.com\/wp-content\/uploads\/2024\/03\/WhatsApp-Image-2024-03-10-at-12.36.50-AM-360x504.jpeg 360w\" sizes=\"(max-width: 622px) 100vw, 622px\" \/><\/figure>\n\n\n\n<p>Y el tercer caso de solitud de paradero es de<\/p>\n\n\n\n<p>Mar\u00eda de los \u00c1ngeles Carrasco, de 16 a\u00f1os de edad. Vive en calle Buenos Aires N\u00b0 371. Falta de su hogar desde las 14 horas de este s\u00e1bado.<br>Su madre realiz\u00f3 el escrito formal en las \u00faltimas horas.<br>La adolescente mide 1,50 mts. de estatura, es de tez trigue\u00f1a, tiene ojos marrones y tiene cabellos largos a la altura de los hombros casta\u00f1os oscuros.<br>Al momento de ausentarse vest\u00eda una blusa negra, un saco negro, un pantal\u00f3n largo corte chino beige y calzaba sandalias negras con hebilla plateada.<\/p>\n\n\n\n<figure class=\"wp-block-image size-full\"><img decoding=\"async\" width=\"558\" height=\"571\" src=\"https:\/\/vecinosdelinterior.com\/wp-content\/uploads\/2024\/03\/WhatsApp-Image-2024-03-10-at-11.08.34-AM.jpeg\" alt=\"\" class=\"wp-image-1641\" srcset=\"https:\/\/vecinosdelinterior.com\/wp-content\/uploads\/2024\/03\/WhatsApp-Image-2024-03-10-at-11.08.34-AM.jpeg 558w, https:\/\/vecinosdelinterior.com\/wp-content\/uploads\/2024\/03\/WhatsApp-Image-2024-03-10-at-11.08.34-AM-293x300.jpeg 293w\" sizes=\"(max-width: 558px) 100vw, 558px\" \/><\/figure>\n\n\n\n<p>Ante cualquier informaci\u00f3n comunicarse al 911 o a la dependencia policial m\u00e1s cercana.<\/p>\n","protected":false},"excerpt":{"rendered":"<p>Son distintos casos de solicitud de paradero que se han dado en las \u00faltimas 48 horas. El primer caso se trata de Estela Maris Gobbi, de 61 a\u00f1os de edad, con domicilio en el barrio Pucar\u00e1, manzana \u201cD\u201d, casa 4. Fue vista por \u00faltima vez el pasado mi\u00e9rcoles 6 de marzo a las 20:00 hs, [&hellip;]<\/p>\n","protected":false},"author":1,"featured_media":1642,"comment_status":"open","ping_status":"open","sticky":false,"template":"","format":"standard","meta":{"footnotes":""},"categories":[1],"tags":[],"class_list":["post-1638","post","type-post","status-publish","format-standard","has-post-thumbnail","hentry","category-blog"],"_links":{"self":[{"href":"https:\/\/vecinosdelinterior.com\/index.php\/wp-json\/wp\/v2\/posts\/1638","targetHints":{"allow":["GET"]}}],"collection":[{"href":"https:\/\/vecinosdelinterior.com\/index.php\/wp-json\/wp\/v2\/posts"}],"about":[{"href":"https:\/\/vecinosdelinterior.com\/index.php\/wp-json\/wp\/v2\/types\/post"}],"author":[{"embeddable":true,"href":"https:\/\/vecinosdelinterior.com\/index.php\/wp-json\/wp\/v2\/users\/1"}],"replies":[{"embeddable":true,"href":"https:\/\/vecinosdelinterior.com\/index.php\/wp-json\/wp\/v2\/comments?post=1638"}],"version-history":[{"count":1,"href":"https:\/\/vecinosdelinterior.com\/index.php\/wp-json\/wp\/v2\/posts\/1638\/revisions"}],"predecessor-version":[{"id":1643,"href":"https:\/\/vecinosdelinterior.com\/index.php\/wp-json\/wp\/v2\/posts\/1638\/revisions\/1643"}],"wp:featuredmedia":[{"embeddable":true,"href":"https:\/\/vecinosdelinterior.com\/index.php\/wp-json\/wp\/v2\/media\/1642"}],"wp:attachment":[{"href":"https:\/\/vecinosdelinterior.com\/index.php\/wp-json\/wp\/v2\/media?parent=1638"}],"wp:term":[{"taxonomy":"category","embeddable":true,"href":"https:\/\/vecinosdelinterior.com\/index.php\/wp-json\/wp\/v2\/categories?post=1638"},{"taxonomy":"post_tag","embeddable":true,"href":"https:\/\/vecinosdelinterior.com\/index.php\/wp-json\/wp\/v2\/tags?post=1638"}],"curies":[{"name":"wp","href":"https:\/\/api.w.org\/{rel}","templated":true}]}}