{"id":164,"date":"2023-07-26T10:37:07","date_gmt":"2023-07-26T13:37:07","guid":{"rendered":"https:\/\/vecinosdelinterior.com\/?p=164"},"modified":"2023-07-26T10:37:07","modified_gmt":"2023-07-26T13:37:07","slug":"vialidad-provincial-realiza-mantenimiento-y-reparacion-en-diferentes-caminos-y-rutas-de-san-luis","status":"publish","type":"post","link":"https:\/\/vecinosdelinterior.com\/index.php\/2023\/07\/26\/vialidad-provincial-realiza-mantenimiento-y-reparacion-en-diferentes-caminos-y-rutas-de-san-luis\/","title":{"rendered":"Vialidad Provincial realiza mantenimiento y reparaci\u00f3n en diferentes caminos y rutas de San Luis"},"content":{"rendered":"\n<p>Durante la semana pasada, la divisi\u00f3n provincial de Vialidad realiz\u00f3 importantes reparaciones en diferentes rutas, entre ellas, la ex ruta N\u00ba7 en la zona de Villa Salles.<\/p>\n\n\n\n<figure class=\"wp-block-gallery has-nested-images columns-default is-cropped wp-block-gallery-1 is-layout-flex wp-block-gallery-is-layout-flex\">\n<figure class=\"wp-block-image size-large\"><img fetchpriority=\"high\" decoding=\"async\" width=\"1000\" height=\"750\" data-id=\"165\" src=\"https:\/\/vecinosdelinterior.com\/wp-content\/uploads\/2023\/07\/WhatsApp-Image-2023-07-19-at-7.16.40-PM.jpeg\" alt=\"\" class=\"wp-image-165\" srcset=\"https:\/\/vecinosdelinterior.com\/wp-content\/uploads\/2023\/07\/WhatsApp-Image-2023-07-19-at-7.16.40-PM.jpeg 1000w, https:\/\/vecinosdelinterior.com\/wp-content\/uploads\/2023\/07\/WhatsApp-Image-2023-07-19-at-7.16.40-PM-300x225.jpeg 300w, https:\/\/vecinosdelinterior.com\/wp-content\/uploads\/2023\/07\/WhatsApp-Image-2023-07-19-at-7.16.40-PM-768x576.jpeg 768w\" sizes=\"(max-width: 1000px) 100vw, 1000px\" \/><\/figure>\n\n\n\n<figure class=\"wp-block-image size-large\"><img decoding=\"async\" width=\"1024\" height=\"731\" data-id=\"167\" src=\"https:\/\/vecinosdelinterior.com\/wp-content\/uploads\/2023\/07\/FOTO-PRINCIPAL-2-1024x731.jpeg\" alt=\"\" class=\"wp-image-167\" srcset=\"https:\/\/vecinosdelinterior.com\/wp-content\/uploads\/2023\/07\/FOTO-PRINCIPAL-2-1024x731.jpeg 1024w, https:\/\/vecinosdelinterior.com\/wp-content\/uploads\/2023\/07\/FOTO-PRINCIPAL-2-300x214.jpeg 300w, https:\/\/vecinosdelinterior.com\/wp-content\/uploads\/2023\/07\/FOTO-PRINCIPAL-2-768x548.jpeg 768w, https:\/\/vecinosdelinterior.com\/wp-content\/uploads\/2023\/07\/FOTO-PRINCIPAL-2.jpeg 1200w\" sizes=\"(max-width: 1024px) 100vw, 1024px\" \/><\/figure>\n\n\n\n<figure class=\"wp-block-image size-large\"><img decoding=\"async\" width=\"1000\" height=\"632\" data-id=\"166\" src=\"https:\/\/vecinosdelinterior.com\/wp-content\/uploads\/2023\/07\/1089bba1-84d4-414c-a5ae-c9456c5203b7.jpg\" alt=\"\" class=\"wp-image-166\" srcset=\"https:\/\/vecinosdelinterior.com\/wp-content\/uploads\/2023\/07\/1089bba1-84d4-414c-a5ae-c9456c5203b7.jpg 1000w, https:\/\/vecinosdelinterior.com\/wp-content\/uploads\/2023\/07\/1089bba1-84d4-414c-a5ae-c9456c5203b7-300x190.jpg 300w, https:\/\/vecinosdelinterior.com\/wp-content\/uploads\/2023\/07\/1089bba1-84d4-414c-a5ae-c9456c5203b7-768x485.jpg 768w\" sizes=\"(max-width: 1000px) 100vw, 1000px\" \/><\/figure>\n<\/figure>\n\n\n\n<p>Las tareas incluyeron la reparaci\u00f3n de la Ruta 4 desde el paraje Balde de Quines hasta Candelaria (sobre una distancia de 10 Km), la ex Ruta 79 desde Quines hasta Candelaria (19 Km), de la Ruta Provincial 32A desde el paraje Las Barrancas hasta la intersecci\u00f3n con la Ruta Provincial 31 (23 Km), la Ruta Provincial N\u00ba10 desde Paso del Rey hasta La Arenilla, la Ruta 5D desde la Ruta N\u00ba46 (La Botija) hasta Monte Carmelo y desde La Avenencia hasta la Ruta Nacional 20 y la Ruta 55A en el tramo del paraje La Verde y la autopista N\u00ba55 (15 Km).<\/p>\n\n\n\n<p>Espec\u00edficamente, en la zona de Villa Salles, ex ruta N\u00ba7, cuyo tr\u00e1nsito se vio interrumpido como consecuencia de un desperfecto en un canal h\u00eddrico, se realiz\u00f3 la reparaci\u00f3n de la traza y las tareas continuar\u00e1n.<\/p>\n\n\n\n<p>En la Mesilla del Cura se repar\u00f3 el camino con aporte de material, se hizo el mantenimiento de las salidas de agua y el repaso de toda la traza, se ejecut\u00f3 bacheo sobre Ruta provincial 146 entre la autopista 55 y el l\u00edmite con La Pampa (Victorica) sobre un total de 36 Km, y se sigue trabajando en la conservaci\u00f3n de la Ruta provincial 38 con apertura de desag\u00fces, aporte de material y perfilado de la traza.<\/p>\n\n\n\n<p>Por otro lado, tambi\u00e9n se realizaron trabajos de forestaci\u00f3n en el boulevard Las Ca\u00f1adas de la ciudad de La Punta, el desmalezado en la Ruta 6 desde la Ruta 55 hasta la Ruta 1, repaso total de calzada hasta Las Lagunas y Villa de Praga y poda correctiva en zona del paraje La Verde.<\/p>\n","protected":false},"excerpt":{"rendered":"<p>Durante la semana pasada, la divisi\u00f3n provincial de Vialidad realiz\u00f3 importantes reparaciones en diferentes rutas, entre ellas, la ex ruta N\u00ba7 en la zona de Villa Salles. Las tareas incluyeron la reparaci\u00f3n de la Ruta 4 desde el paraje Balde de Quines hasta Candelaria (sobre una distancia de 10 Km), la ex Ruta 79 desde [&hellip;]<\/p>\n","protected":false},"author":1,"featured_media":167,"comment_status":"open","ping_status":"open","sticky":false,"template":"","format":"standard","meta":{"footnotes":""},"categories":[80],"tags":[82,81,83],"class_list":["post-164","post","type-post","status-publish","format-standard","has-post-thumbnail","hentry","category-general","tag-arreglos","tag-caminos","tag-vialidad"],"_links":{"self":[{"href":"https:\/\/vecinosdelinterior.com\/index.php\/wp-json\/wp\/v2\/posts\/164","targetHints":{"allow":["GET"]}}],"collection":[{"href":"https:\/\/vecinosdelinterior.com\/index.php\/wp-json\/wp\/v2\/posts"}],"about":[{"href":"https:\/\/vecinosdelinterior.com\/index.php\/wp-json\/wp\/v2\/types\/post"}],"author":[{"embeddable":true,"href":"https:\/\/vecinosdelinterior.com\/index.php\/wp-json\/wp\/v2\/users\/1"}],"replies":[{"embeddable":true,"href":"https:\/\/vecinosdelinterior.com\/index.php\/wp-json\/wp\/v2\/comments?post=164"}],"version-history":[{"count":1,"href":"https:\/\/vecinosdelinterior.com\/index.php\/wp-json\/wp\/v2\/posts\/164\/revisions"}],"predecessor-version":[{"id":168,"href":"https:\/\/vecinosdelinterior.com\/index.php\/wp-json\/wp\/v2\/posts\/164\/revisions\/168"}],"wp:featuredmedia":[{"embeddable":true,"href":"https:\/\/vecinosdelinterior.com\/index.php\/wp-json\/wp\/v2\/media\/167"}],"wp:attachment":[{"href":"https:\/\/vecinosdelinterior.com\/index.php\/wp-json\/wp\/v2\/media?parent=164"}],"wp:term":[{"taxonomy":"category","embeddable":true,"href":"https:\/\/vecinosdelinterior.com\/index.php\/wp-json\/wp\/v2\/categories?post=164"},{"taxonomy":"post_tag","embeddable":true,"href":"https:\/\/vecinosdelinterior.com\/index.php\/wp-json\/wp\/v2\/tags?post=164"}],"curies":[{"name":"wp","href":"https:\/\/api.w.org\/{rel}","templated":true}]}}