{"id":1654,"date":"2024-03-12T18:46:11","date_gmt":"2024-03-12T21:46:11","guid":{"rendered":"https:\/\/vecinosdelinterior.com\/?p=1654"},"modified":"2024-03-12T18:46:11","modified_gmt":"2024-03-12T21:46:11","slug":"nogoli-corte-general-del-servicio-electrico","status":"publish","type":"post","link":"https:\/\/vecinosdelinterior.com\/index.php\/2024\/03\/12\/nogoli-corte-general-del-servicio-electrico\/","title":{"rendered":"Nogol\u00ed: Corte general del servicio el\u00e9ctrico"},"content":{"rendered":"\n<p>Atenci\u00f3n Nogoli<br>\u26a1\ufe0fCorte general del servicio el\u00e9ctrico este jueves 14 de marzo.<br>www.vecinosdelinterior.com \/ 12 de marzo, 2024<br>El corte general ser\u00e1 en el horario de 8 a 11 horas aproximadamente.<br>El mismo es debido a tareas de montaje de columnas de baja tensi\u00f3n y mantenimiento de l\u00edneas.<\/p>\n\n\n\n<p><\/p>\n\n\n\n<figure class=\"wp-block-image size-full\"><img fetchpriority=\"high\" decoding=\"async\" width=\"478\" height=\"558\" src=\"https:\/\/vecinosdelinterior.com\/wp-content\/uploads\/2024\/03\/432315035_264868083330552_8779338418741570815_n.jpg\" alt=\"\" class=\"wp-image-1655\" srcset=\"https:\/\/vecinosdelinterior.com\/wp-content\/uploads\/2024\/03\/432315035_264868083330552_8779338418741570815_n.jpg 478w, https:\/\/vecinosdelinterior.com\/wp-content\/uploads\/2024\/03\/432315035_264868083330552_8779338418741570815_n-257x300.jpg 257w\" sizes=\"(max-width: 478px) 100vw, 478px\" \/><\/figure>\n","protected":false},"excerpt":{"rendered":"<p>Atenci\u00f3n Nogoli\u26a1\ufe0fCorte general del servicio el\u00e9ctrico este jueves 14 de marzo.www.vecinosdelinterior.com \/ 12 de marzo, 2024El corte general ser\u00e1 en el horario de 8 a 11 horas aproximadamente.El mismo es debido a tareas de montaje de columnas de baja tensi\u00f3n y mantenimiento de l\u00edneas.<\/p>\n","protected":false},"author":1,"featured_media":1655,"comment_status":"open","ping_status":"open","sticky":false,"template":"","format":"standard","meta":{"footnotes":""},"categories":[92,135],"tags":[272],"class_list":["post-1654","post","type-post","status-publish","format-standard","has-post-thumbnail","hentry","category-belgrano","category-nogoli","tag-corte-de-luz"],"_links":{"self":[{"href":"https:\/\/vecinosdelinterior.com\/index.php\/wp-json\/wp\/v2\/posts\/1654","targetHints":{"allow":["GET"]}}],"collection":[{"href":"https:\/\/vecinosdelinterior.com\/index.php\/wp-json\/wp\/v2\/posts"}],"about":[{"href":"https:\/\/vecinosdelinterior.com\/index.php\/wp-json\/wp\/v2\/types\/post"}],"author":[{"embeddable":true,"href":"https:\/\/vecinosdelinterior.com\/index.php\/wp-json\/wp\/v2\/users\/1"}],"replies":[{"embeddable":true,"href":"https:\/\/vecinosdelinterior.com\/index.php\/wp-json\/wp\/v2\/comments?post=1654"}],"version-history":[{"count":1,"href":"https:\/\/vecinosdelinterior.com\/index.php\/wp-json\/wp\/v2\/posts\/1654\/revisions"}],"predecessor-version":[{"id":1656,"href":"https:\/\/vecinosdelinterior.com\/index.php\/wp-json\/wp\/v2\/posts\/1654\/revisions\/1656"}],"wp:featuredmedia":[{"embeddable":true,"href":"https:\/\/vecinosdelinterior.com\/index.php\/wp-json\/wp\/v2\/media\/1655"}],"wp:attachment":[{"href":"https:\/\/vecinosdelinterior.com\/index.php\/wp-json\/wp\/v2\/media?parent=1654"}],"wp:term":[{"taxonomy":"category","embeddable":true,"href":"https:\/\/vecinosdelinterior.com\/index.php\/wp-json\/wp\/v2\/categories?post=1654"},{"taxonomy":"post_tag","embeddable":true,"href":"https:\/\/vecinosdelinterior.com\/index.php\/wp-json\/wp\/v2\/tags?post=1654"}],"curies":[{"name":"wp","href":"https:\/\/api.w.org\/{rel}","templated":true}]}}