{"id":1657,"date":"2024-03-12T18:51:40","date_gmt":"2024-03-12T21:51:40","guid":{"rendered":"https:\/\/vecinosdelinterior.com\/?p=1657"},"modified":"2024-03-12T18:51:40","modified_gmt":"2024-03-12T21:51:40","slug":"el-centro-cultural-de-san-francisco-ofrece-45-talleres","status":"publish","type":"post","link":"https:\/\/vecinosdelinterior.com\/index.php\/2024\/03\/12\/el-centro-cultural-de-san-francisco-ofrece-45-talleres\/","title":{"rendered":"El Centro Cultural de San Francisco ofrece 45 talleres"},"content":{"rendered":"\n<p>Abrieron el 4 de marzo y esta semana se incorporar\u00e1n m\u00e1s propuestas. Se dictan de lunes a s\u00e1bado. Algunos son gratuitos y otros arancelados, con valores que no superan los $6.000.<\/p>\n\n\n\n<p>A partir de este mes, los vecinos de San Francisco del Monte de Oro tendr\u00e1n la posibilidad de desarrollar su veta art\u00edstica a trav\u00e9s de talleres en el Centro Cultural de la localidad. La variedad es muy amplia: hay 45 actividades disponibles para diferentes edades, entre ellas, danzas folkl\u00f3ricas, \u00e1rabes, instrumentos musicales, canto, pensamiento l\u00f3gico, fotograf\u00eda, tango, artes marciales, juegos de mesa y corte y confecci\u00f3n.<\/p>\n\n\n\n<p>Si bien los talleres comenzaron el pasado 4 de marzo, desde el Centro Cultural informaron que esta semana sumar\u00e1n nuevas propuestas. Las clases de las diversas disciplinas se dictan de lunes a s\u00e1bado. Algunas son gratuitas y otras son aranceladas, con costos mensuales que no superan los $6.000.<\/p>\n\n\n\n<p>Dado que el objetivo es construir cultura con los vecinos y vecinas, el Centro todav\u00eda reciben ideas o proyectos para sumar a la grilla de talleres.<\/p>\n\n\n\n<p>Adem\u00e1s, la entidad est\u00e1 disponible para realizar jornadas de capacitaci\u00f3n o charlas abiertas a la comunidad y ofrece su espacio teatral para presentaciones.<\/p>\n\n\n\n<p>A continuaci\u00f3n, el listado completo de talleres disponibles:<\/p>\n\n\n\n<div data-wp-interactive=\"core\/file\" class=\"wp-block-file\"><object data-wp-bind--hidden=\"!state.hasPdfPreview\" hidden class=\"wp-block-file__embed\" data=\"https:\/\/vecinosdelinterior.com\/wp-content\/uploads\/2024\/03\/Talleres-en-el-Centro-Cultural-San-Francisco.pdf\" type=\"application\/pdf\" style=\"width:100%;height:600px\" aria-label=\"Incrustado de Talleres-en-el-Centro-Cultural-San-Francisco.\"><\/object><a id=\"wp-block-file--media-6ccde78a-08eb-480e-8431-70d652d7a684\" href=\"https:\/\/vecinosdelinterior.com\/wp-content\/uploads\/2024\/03\/Talleres-en-el-Centro-Cultural-San-Francisco.pdf\">Talleres-en-el-Centro-Cultural-San-Francisco<\/a><a href=\"https:\/\/vecinosdelinterior.com\/wp-content\/uploads\/2024\/03\/Talleres-en-el-Centro-Cultural-San-Francisco.pdf\" class=\"wp-block-file__button wp-element-button\" download aria-describedby=\"wp-block-file--media-6ccde78a-08eb-480e-8431-70d652d7a684\">Descarga<\/a><\/div>\n\n\n","protected":false},"excerpt":{"rendered":"<p>Abrieron el 4 de marzo y esta semana se incorporar\u00e1n m\u00e1s propuestas. Se dictan de lunes a s\u00e1bado. Algunos son gratuitos y otros arancelados, con valores que no superan los $6.000. A partir de este mes, los vecinos de San Francisco del Monte de Oro tendr\u00e1n la posibilidad de desarrollar su veta art\u00edstica a trav\u00e9s [&hellip;]<\/p>\n","protected":false},"author":1,"featured_media":1659,"comment_status":"open","ping_status":"open","sticky":false,"template":"","format":"standard","meta":{"footnotes":""},"categories":[8,9],"tags":[11,55],"class_list":["post-1657","post","type-post","status-publish","format-standard","has-post-thumbnail","hentry","category-ayacucho","category-san-francisco","tag-san-francisco","tag-talleres"],"_links":{"self":[{"href":"https:\/\/vecinosdelinterior.com\/index.php\/wp-json\/wp\/v2\/posts\/1657","targetHints":{"allow":["GET"]}}],"collection":[{"href":"https:\/\/vecinosdelinterior.com\/index.php\/wp-json\/wp\/v2\/posts"}],"about":[{"href":"https:\/\/vecinosdelinterior.com\/index.php\/wp-json\/wp\/v2\/types\/post"}],"author":[{"embeddable":true,"href":"https:\/\/vecinosdelinterior.com\/index.php\/wp-json\/wp\/v2\/users\/1"}],"replies":[{"embeddable":true,"href":"https:\/\/vecinosdelinterior.com\/index.php\/wp-json\/wp\/v2\/comments?post=1657"}],"version-history":[{"count":1,"href":"https:\/\/vecinosdelinterior.com\/index.php\/wp-json\/wp\/v2\/posts\/1657\/revisions"}],"predecessor-version":[{"id":1660,"href":"https:\/\/vecinosdelinterior.com\/index.php\/wp-json\/wp\/v2\/posts\/1657\/revisions\/1660"}],"wp:featuredmedia":[{"embeddable":true,"href":"https:\/\/vecinosdelinterior.com\/index.php\/wp-json\/wp\/v2\/media\/1659"}],"wp:attachment":[{"href":"https:\/\/vecinosdelinterior.com\/index.php\/wp-json\/wp\/v2\/media?parent=1657"}],"wp:term":[{"taxonomy":"category","embeddable":true,"href":"https:\/\/vecinosdelinterior.com\/index.php\/wp-json\/wp\/v2\/categories?post=1657"},{"taxonomy":"post_tag","embeddable":true,"href":"https:\/\/vecinosdelinterior.com\/index.php\/wp-json\/wp\/v2\/tags?post=1657"}],"curies":[{"name":"wp","href":"https:\/\/api.w.org\/{rel}","templated":true}]}}