{"id":1661,"date":"2024-03-12T19:55:00","date_gmt":"2024-03-12T22:55:00","guid":{"rendered":"https:\/\/vecinosdelinterior.com\/?p=1661"},"modified":"2024-03-12T19:55:17","modified_gmt":"2024-03-12T22:55:17","slug":"abrira-la-muestra-artistica-el-universo-y-el-arte-en-sus-manos-en-la-carolina","status":"publish","type":"post","link":"https:\/\/vecinosdelinterior.com\/index.php\/2024\/03\/12\/abrira-la-muestra-artistica-el-universo-y-el-arte-en-sus-manos-en-la-carolina\/","title":{"rendered":"Abrir\u00e1 la muestra art\u00edstica \u2018El Universo y el Arte en sus Manos\u2019 en La Carolina"},"content":{"rendered":"\n<p>Este mi\u00e9rcoles 13 de marzo a las 12:00 estar\u00e1 disponible al p\u00fablico la exposici\u00f3n de la artista Viviana Farber en el Museo de la Poes\u00eda. La entrada ser\u00e1 libre y gratuita.<\/p>\n\n\n\n<p>Viviana Farber naci\u00f3 en La Carolina y ha vivido toda su vida all\u00ed. Se dedica a pintar las obras que sus clientes le solicitan. Sus pinturas est\u00e1n basadas mayormente en los paisajes del lugar.<\/p>\n\n\n\n<p>Actualmente, tiene la posibilidad de integrar la agenda anual de exposiciones en el Museo de la Poes\u00eda \u2018Juan Cris\u00f3stomo Lafinur\u2019. La muestra art\u00edstica que se inaugura este mi\u00e9rcoles permanecer\u00e1 disponible en el sal\u00f3n principal del museo durante un mes.<\/p>\n\n\n\n<p>Vale destacar que las diferentes producciones tendr\u00e1n exhibidos sus correspondientes precios, para quienes deseen adquirirlas en el momento.<\/p>\n\n\n\n<p>\u201cLa idea de la propuesta es aprovechar este espacio tan visitado por turistas de todo el mundo para que puedan conocerme m\u00e1s como artista y que as\u00ed mi arte pueda recorrer el universo en las manos de quienes lo valoren como tal\u201d, expres\u00f3 Viviana sobre esta exposici\u00f3n.<\/p>\n\n\n\n<figure class=\"wp-block-image size-large\"><img fetchpriority=\"high\" decoding=\"async\" width=\"1024\" height=\"1024\" src=\"https:\/\/vecinosdelinterior.com\/wp-content\/uploads\/2024\/03\/foto2-3-1024x1024.jpeg\" alt=\"\" class=\"wp-image-1662\" srcset=\"https:\/\/vecinosdelinterior.com\/wp-content\/uploads\/2024\/03\/foto2-3-1024x1024.jpeg 1024w, https:\/\/vecinosdelinterior.com\/wp-content\/uploads\/2024\/03\/foto2-3-300x300.jpeg 300w, https:\/\/vecinosdelinterior.com\/wp-content\/uploads\/2024\/03\/foto2-3-150x150.jpeg 150w, https:\/\/vecinosdelinterior.com\/wp-content\/uploads\/2024\/03\/foto2-3-768x768.jpeg 768w, https:\/\/vecinosdelinterior.com\/wp-content\/uploads\/2024\/03\/foto2-3-75x75.jpeg 75w, https:\/\/vecinosdelinterior.com\/wp-content\/uploads\/2024\/03\/foto2-3-750x750.jpeg 750w, https:\/\/vecinosdelinterior.com\/wp-content\/uploads\/2024\/03\/foto2-3.jpeg 1080w\" sizes=\"(max-width: 1024px) 100vw, 1024px\" \/><\/figure>\n","protected":false},"excerpt":{"rendered":"<p>Este mi\u00e9rcoles 13 de marzo a las 12:00 estar\u00e1 disponible al p\u00fablico la exposici\u00f3n de la artista Viviana Farber en el Museo de la Poes\u00eda. La entrada ser\u00e1 libre y gratuita. Viviana Farber naci\u00f3 en La Carolina y ha vivido toda su vida all\u00ed. Se dedica a pintar las obras que sus clientes le solicitan. [&hellip;]<\/p>\n","protected":false},"author":1,"featured_media":1663,"comment_status":"open","ping_status":"open","sticky":false,"template":"","format":"standard","meta":{"footnotes":""},"categories":[112,2],"tags":[50,378],"class_list":["post-1661","post","type-post","status-publish","format-standard","has-post-thumbnail","hentry","category-la-carolina","category-pringles","tag-muestra","tag-museo-de-la-poesia-2"],"_links":{"self":[{"href":"https:\/\/vecinosdelinterior.com\/index.php\/wp-json\/wp\/v2\/posts\/1661","targetHints":{"allow":["GET"]}}],"collection":[{"href":"https:\/\/vecinosdelinterior.com\/index.php\/wp-json\/wp\/v2\/posts"}],"about":[{"href":"https:\/\/vecinosdelinterior.com\/index.php\/wp-json\/wp\/v2\/types\/post"}],"author":[{"embeddable":true,"href":"https:\/\/vecinosdelinterior.com\/index.php\/wp-json\/wp\/v2\/users\/1"}],"replies":[{"embeddable":true,"href":"https:\/\/vecinosdelinterior.com\/index.php\/wp-json\/wp\/v2\/comments?post=1661"}],"version-history":[{"count":1,"href":"https:\/\/vecinosdelinterior.com\/index.php\/wp-json\/wp\/v2\/posts\/1661\/revisions"}],"predecessor-version":[{"id":1664,"href":"https:\/\/vecinosdelinterior.com\/index.php\/wp-json\/wp\/v2\/posts\/1661\/revisions\/1664"}],"wp:featuredmedia":[{"embeddable":true,"href":"https:\/\/vecinosdelinterior.com\/index.php\/wp-json\/wp\/v2\/media\/1663"}],"wp:attachment":[{"href":"https:\/\/vecinosdelinterior.com\/index.php\/wp-json\/wp\/v2\/media?parent=1661"}],"wp:term":[{"taxonomy":"category","embeddable":true,"href":"https:\/\/vecinosdelinterior.com\/index.php\/wp-json\/wp\/v2\/categories?post=1661"},{"taxonomy":"post_tag","embeddable":true,"href":"https:\/\/vecinosdelinterior.com\/index.php\/wp-json\/wp\/v2\/tags?post=1661"}],"curies":[{"name":"wp","href":"https:\/\/api.w.org\/{rel}","templated":true}]}}