{"id":1665,"date":"2024-03-12T19:59:39","date_gmt":"2024-03-12T22:59:39","guid":{"rendered":"https:\/\/vecinosdelinterior.com\/?p=1665"},"modified":"2024-03-12T20:01:30","modified_gmt":"2024-03-12T23:01:30","slug":"merlo-juzgan-a-acusado-de-abusar-a-una-joven-en-la-via-publica","status":"publish","type":"post","link":"https:\/\/vecinosdelinterior.com\/index.php\/2024\/03\/12\/merlo-juzgan-a-acusado-de-abusar-a-una-joven-en-la-via-publica\/","title":{"rendered":"Merlo: Juzgan a acusado de abusar a una joven en la v\u00eda p\u00fablica"},"content":{"rendered":"\n<p><\/p>\n\n\n\n<p>El hecho ocurri\u00f3 en marzo de 2021 y la damnificada era compa\u00f1era de trabajo del imputado.<\/p>\n\n\n\n<p>Este martes, comenz\u00f3 el juicio oral contra H.G.A., de 32 a\u00f1os, acusado de golpear y someter sexualmente a una compa\u00f1era de trabajo en la v\u00eda p\u00fablica.<\/p>\n\n\n\n<p>El hecho que se juzga, ocurri\u00f3 en la Villa de Merlo el 22 de marzo de 2021 en horas de la noche. De acuerdo al relato de la denunciante, el ataque sexual se produjo en el bad\u00e9n del arroyo El Tigre, sobre calle Becerra, luego de que el imputado la invitara a tomar una bebida a la salida del trabajo.<\/p>\n\n\n\n<p>El tribunal a cargo del debate es presidido por el camarista Daniel Sanchi\u00f1o, e integrado por las vocales Sandra Piguillem y Mar\u00eda Claudia Uccello; asistidos por la Secretaria subrogante de la Sala Penal, Olga S\u00e1nchez.<\/p>\n\n\n\n<figure class=\"wp-block-gallery has-nested-images columns-default is-cropped wp-block-gallery-1 is-layout-flex wp-block-gallery-is-layout-flex\">\n<figure class=\"wp-block-image size-large\"><img fetchpriority=\"high\" decoding=\"async\" width=\"1024\" height=\"554\" data-id=\"1667\" src=\"https:\/\/vecinosdelinterior.com\/wp-content\/uploads\/2024\/03\/3.-Juicio-H.A.-Abuso-Merlo.jpg-1024x554.webp\" alt=\"\" class=\"wp-image-1667\" srcset=\"https:\/\/vecinosdelinterior.com\/wp-content\/uploads\/2024\/03\/3.-Juicio-H.A.-Abuso-Merlo.jpg-1024x554.webp 1024w, https:\/\/vecinosdelinterior.com\/wp-content\/uploads\/2024\/03\/3.-Juicio-H.A.-Abuso-Merlo.jpg-300x162.webp 300w, https:\/\/vecinosdelinterior.com\/wp-content\/uploads\/2024\/03\/3.-Juicio-H.A.-Abuso-Merlo.jpg-768x415.webp 768w, https:\/\/vecinosdelinterior.com\/wp-content\/uploads\/2024\/03\/3.-Juicio-H.A.-Abuso-Merlo.jpg-750x406.webp 750w, https:\/\/vecinosdelinterior.com\/wp-content\/uploads\/2024\/03\/3.-Juicio-H.A.-Abuso-Merlo.jpg.webp 1037w\" sizes=\"(max-width: 1024px) 100vw, 1024px\" \/><\/figure>\n\n\n\n<figure class=\"wp-block-image size-large\"><img decoding=\"async\" width=\"1024\" height=\"586\" data-id=\"1666\" src=\"https:\/\/vecinosdelinterior.com\/wp-content\/uploads\/2024\/03\/WhatsApp-Image-2024-03-12-at-09.53.22.jpeg-1024x586.webp\" alt=\"\" class=\"wp-image-1666\" srcset=\"https:\/\/vecinosdelinterior.com\/wp-content\/uploads\/2024\/03\/WhatsApp-Image-2024-03-12-at-09.53.22.jpeg-1024x586.webp 1024w, https:\/\/vecinosdelinterior.com\/wp-content\/uploads\/2024\/03\/WhatsApp-Image-2024-03-12-at-09.53.22.jpeg-300x172.webp 300w, https:\/\/vecinosdelinterior.com\/wp-content\/uploads\/2024\/03\/WhatsApp-Image-2024-03-12-at-09.53.22.jpeg-768x440.webp 768w, https:\/\/vecinosdelinterior.com\/wp-content\/uploads\/2024\/03\/WhatsApp-Image-2024-03-12-at-09.53.22.jpeg-750x430.webp 750w, https:\/\/vecinosdelinterior.com\/wp-content\/uploads\/2024\/03\/WhatsApp-Image-2024-03-12-at-09.53.22.jpeg-1140x653.webp 1140w, https:\/\/vecinosdelinterior.com\/wp-content\/uploads\/2024\/03\/WhatsApp-Image-2024-03-12-at-09.53.22.jpeg.webp 1266w\" sizes=\"(max-width: 1024px) 100vw, 1024px\" \/><\/figure>\n<\/figure>\n\n\n\n<p>En representaci\u00f3n del Ministerio P\u00fablico Fiscal, interviene el Fiscal de Juicio Mario Zudaire; mientras que la defensa del acusado es ejercida por los abogados Miguel \u00c1ngel Orozco y Guillermo Levingston.<\/p>\n\n\n\n<p>Sin declaraciones por parte del imputado, el tribunal dispuso la apertura de la causa a prueba, recibiendo la declaraci\u00f3n de 8 testigos e incorporando por su lectura 8 testimonios m\u00e1s.<\/p>\n\n\n\n<p>La v\u00edctima, quien ten\u00eda 19 a\u00f1os al momento del hecho, declar\u00f3 de manera virtual, manifestando que se mud\u00f3 a otra provincia luego de lo ocurrido. Tambi\u00e9n declar\u00f3 la pareja de su pap\u00e1; tres peritos judiciales; una perito de parte; una vecina con domicilio adyacente al lugar donde se habr\u00eda perpetrado el abuso; y una profesional m\u00e9dica del Hospital Madre Catalina.<\/p>\n\n\n\n<p>La instancia de alegatos y veredicto se desarrollar\u00e1 el pr\u00f3ximo martes 19 de marzo, a partir de las 8:30 hs.<\/p>\n","protected":false},"excerpt":{"rendered":"<p>El hecho ocurri\u00f3 en marzo de 2021 y la damnificada era compa\u00f1era de trabajo del imputado. Este martes, comenz\u00f3 el juicio oral contra H.G.A., de 32 a\u00f1os, acusado de golpear y someter sexualmente a una compa\u00f1era de trabajo en la v\u00eda p\u00fablica. El hecho que se juzga, ocurri\u00f3 en la Villa de Merlo el 22 [&hellip;]<\/p>\n","protected":false},"author":1,"featured_media":1667,"comment_status":"open","ping_status":"open","sticky":false,"template":"","format":"standard","meta":{"footnotes":""},"categories":[23,73],"tags":[],"class_list":["post-1665","post","type-post","status-publish","format-standard","has-post-thumbnail","hentry","category-junin","category-merlo"],"_links":{"self":[{"href":"https:\/\/vecinosdelinterior.com\/index.php\/wp-json\/wp\/v2\/posts\/1665","targetHints":{"allow":["GET"]}}],"collection":[{"href":"https:\/\/vecinosdelinterior.com\/index.php\/wp-json\/wp\/v2\/posts"}],"about":[{"href":"https:\/\/vecinosdelinterior.com\/index.php\/wp-json\/wp\/v2\/types\/post"}],"author":[{"embeddable":true,"href":"https:\/\/vecinosdelinterior.com\/index.php\/wp-json\/wp\/v2\/users\/1"}],"replies":[{"embeddable":true,"href":"https:\/\/vecinosdelinterior.com\/index.php\/wp-json\/wp\/v2\/comments?post=1665"}],"version-history":[{"count":2,"href":"https:\/\/vecinosdelinterior.com\/index.php\/wp-json\/wp\/v2\/posts\/1665\/revisions"}],"predecessor-version":[{"id":1669,"href":"https:\/\/vecinosdelinterior.com\/index.php\/wp-json\/wp\/v2\/posts\/1665\/revisions\/1669"}],"wp:featuredmedia":[{"embeddable":true,"href":"https:\/\/vecinosdelinterior.com\/index.php\/wp-json\/wp\/v2\/media\/1667"}],"wp:attachment":[{"href":"https:\/\/vecinosdelinterior.com\/index.php\/wp-json\/wp\/v2\/media?parent=1665"}],"wp:term":[{"taxonomy":"category","embeddable":true,"href":"https:\/\/vecinosdelinterior.com\/index.php\/wp-json\/wp\/v2\/categories?post=1665"},{"taxonomy":"post_tag","embeddable":true,"href":"https:\/\/vecinosdelinterior.com\/index.php\/wp-json\/wp\/v2\/tags?post=1665"}],"curies":[{"name":"wp","href":"https:\/\/api.w.org\/{rel}","templated":true}]}}