{"id":1702,"date":"2024-03-14T11:44:15","date_gmt":"2024-03-14T14:44:15","guid":{"rendered":"https:\/\/vecinosdelinterior.com\/?p=1702"},"modified":"2024-03-14T11:44:15","modified_gmt":"2024-03-14T14:44:15","slug":"san-francisco-corte-del-servicio-electrico-este-domingo-17-de-marzo","status":"publish","type":"post","link":"https:\/\/vecinosdelinterior.com\/index.php\/2024\/03\/14\/san-francisco-corte-del-servicio-electrico-este-domingo-17-de-marzo\/","title":{"rendered":"San Francisco: Corte del Servicio el\u00e9ctrico este domingo 17 de marzo"},"content":{"rendered":"\n<p>\ud83d\uded1Atenci\u00f3n San Francisco<br>\u26a1\ufe0fCorte del Servicio el\u00e9ctrico este domingo 17 de marzo.<br>Ser\u00e1 en el horario de 7.30 a 12.30 hs aproximadamente.<\/p>\n\n\n\n<p>Afectar\u00e1 la zona entre calles Ricardo Rojas, Alberdi, Juan Lafinur y Cnel. Concha.<\/p>\n","protected":false},"excerpt":{"rendered":"<p>\ud83d\uded1Atenci\u00f3n San Francisco\u26a1\ufe0fCorte del Servicio el\u00e9ctrico este domingo 17 de marzo.Ser\u00e1 en el horario de 7.30 a 12.30 hs aproximadamente. Afectar\u00e1 la zona entre calles Ricardo Rojas, Alberdi, Juan Lafinur y Cnel. Concha.<\/p>\n","protected":false},"author":1,"featured_media":1703,"comment_status":"open","ping_status":"open","sticky":false,"template":"","format":"standard","meta":{"footnotes":""},"categories":[8,9],"tags":[272],"class_list":["post-1702","post","type-post","status-publish","format-standard","has-post-thumbnail","hentry","category-ayacucho","category-san-francisco","tag-corte-de-luz"],"_links":{"self":[{"href":"https:\/\/vecinosdelinterior.com\/index.php\/wp-json\/wp\/v2\/posts\/1702","targetHints":{"allow":["GET"]}}],"collection":[{"href":"https:\/\/vecinosdelinterior.com\/index.php\/wp-json\/wp\/v2\/posts"}],"about":[{"href":"https:\/\/vecinosdelinterior.com\/index.php\/wp-json\/wp\/v2\/types\/post"}],"author":[{"embeddable":true,"href":"https:\/\/vecinosdelinterior.com\/index.php\/wp-json\/wp\/v2\/users\/1"}],"replies":[{"embeddable":true,"href":"https:\/\/vecinosdelinterior.com\/index.php\/wp-json\/wp\/v2\/comments?post=1702"}],"version-history":[{"count":1,"href":"https:\/\/vecinosdelinterior.com\/index.php\/wp-json\/wp\/v2\/posts\/1702\/revisions"}],"predecessor-version":[{"id":1704,"href":"https:\/\/vecinosdelinterior.com\/index.php\/wp-json\/wp\/v2\/posts\/1702\/revisions\/1704"}],"wp:featuredmedia":[{"embeddable":true,"href":"https:\/\/vecinosdelinterior.com\/index.php\/wp-json\/wp\/v2\/media\/1703"}],"wp:attachment":[{"href":"https:\/\/vecinosdelinterior.com\/index.php\/wp-json\/wp\/v2\/media?parent=1702"}],"wp:term":[{"taxonomy":"category","embeddable":true,"href":"https:\/\/vecinosdelinterior.com\/index.php\/wp-json\/wp\/v2\/categories?post=1702"},{"taxonomy":"post_tag","embeddable":true,"href":"https:\/\/vecinosdelinterior.com\/index.php\/wp-json\/wp\/v2\/tags?post=1702"}],"curies":[{"name":"wp","href":"https:\/\/api.w.org\/{rel}","templated":true}]}}