{"id":1719,"date":"2024-03-17T11:53:02","date_gmt":"2024-03-17T14:53:02","guid":{"rendered":"https:\/\/vecinosdelinterior.com\/?p=1719"},"modified":"2024-03-17T11:53:03","modified_gmt":"2024-03-17T14:53:03","slug":"santa-rosa-del-conlara-anularon-un-centro-de-distribucion-de-estupefacientes-y-detuvieron-a-un-hombre","status":"publish","type":"post","link":"https:\/\/vecinosdelinterior.com\/index.php\/2024\/03\/17\/santa-rosa-del-conlara-anularon-un-centro-de-distribucion-de-estupefacientes-y-detuvieron-a-un-hombre\/","title":{"rendered":"Santa Rosa del Conlara: anularon un centro de distribuci\u00f3n de estupefacientes y detuvieron a un hombre"},"content":{"rendered":"\n<p><\/p>\n\n\n\n<p>Efectivos de la Divisi\u00f3n Lucha Contra el Narcotr\u00e1fico desbarataron este viernes un centro de comercializaci\u00f3n de estupefacientes y detuvieron a un hombre de 47 a\u00f1os que manejaba el mismo.<\/p>\n\n\n\n<p>El allanamiento fue ordenado por el Juzgado Federal de Villa Mercedes y se efectu\u00f3 en un domicilio ubicado en el barrio Puerto Alegre, de Santa Rosa del Conlara.<\/p>\n\n\n\n<p>En el lugar, secuestraron coca\u00edna solidificada que alcanzar\u00eda para la elaboraci\u00f3n de 224 dosis y que puestas a la venta al menudeo rondan los $896.000, envoltorios con marihuana suficientes para la elaboraci\u00f3n de 42 dosis y que puestas a la venta alcanzar\u00edan los $105.000.<\/p>\n\n\n\n<p>Adem\u00e1s, incautaron elementos de corte, recortes de nylon con restos de coca\u00edna, celulares, y dem\u00e1s elementos de inter\u00e9s para la causa.<\/p>\n\n\n\n<p>Tom\u00f3 intervenci\u00f3n el Juzgado Federal de Villa Mercedes.<\/p>\n\n\n\n<figure class=\"wp-block-image size-full\"><img fetchpriority=\"high\" decoding=\"async\" width=\"903\" height=\"568\" src=\"https:\/\/vecinosdelinterior.com\/wp-content\/uploads\/2024\/03\/allanamiento-min-1.webp\" alt=\"\" class=\"wp-image-1720\" srcset=\"https:\/\/vecinosdelinterior.com\/wp-content\/uploads\/2024\/03\/allanamiento-min-1.webp 903w, https:\/\/vecinosdelinterior.com\/wp-content\/uploads\/2024\/03\/allanamiento-min-1-300x189.webp 300w, https:\/\/vecinosdelinterior.com\/wp-content\/uploads\/2024\/03\/allanamiento-min-1-768x483.webp 768w, https:\/\/vecinosdelinterior.com\/wp-content\/uploads\/2024\/03\/allanamiento-min-1-750x472.webp 750w\" sizes=\"(max-width: 903px) 100vw, 903px\" \/><\/figure>\n","protected":false},"excerpt":{"rendered":"<p>Efectivos de la Divisi\u00f3n Lucha Contra el Narcotr\u00e1fico desbarataron este viernes un centro de comercializaci\u00f3n de estupefacientes y detuvieron a un hombre de 47 a\u00f1os que manejaba el mismo. El allanamiento fue ordenado por el Juzgado Federal de Villa Mercedes y se efectu\u00f3 en un domicilio ubicado en el barrio Puerto Alegre, de Santa Rosa [&hellip;]<\/p>\n","protected":false},"author":1,"featured_media":1720,"comment_status":"open","ping_status":"open","sticky":false,"template":"","format":"standard","meta":{"footnotes":""},"categories":[23,45],"tags":[47],"class_list":["post-1719","post","type-post","status-publish","format-standard","has-post-thumbnail","hentry","category-junin","category-santa-rosa-del-conlara","tag-droga"],"_links":{"self":[{"href":"https:\/\/vecinosdelinterior.com\/index.php\/wp-json\/wp\/v2\/posts\/1719","targetHints":{"allow":["GET"]}}],"collection":[{"href":"https:\/\/vecinosdelinterior.com\/index.php\/wp-json\/wp\/v2\/posts"}],"about":[{"href":"https:\/\/vecinosdelinterior.com\/index.php\/wp-json\/wp\/v2\/types\/post"}],"author":[{"embeddable":true,"href":"https:\/\/vecinosdelinterior.com\/index.php\/wp-json\/wp\/v2\/users\/1"}],"replies":[{"embeddable":true,"href":"https:\/\/vecinosdelinterior.com\/index.php\/wp-json\/wp\/v2\/comments?post=1719"}],"version-history":[{"count":1,"href":"https:\/\/vecinosdelinterior.com\/index.php\/wp-json\/wp\/v2\/posts\/1719\/revisions"}],"predecessor-version":[{"id":1721,"href":"https:\/\/vecinosdelinterior.com\/index.php\/wp-json\/wp\/v2\/posts\/1719\/revisions\/1721"}],"wp:featuredmedia":[{"embeddable":true,"href":"https:\/\/vecinosdelinterior.com\/index.php\/wp-json\/wp\/v2\/media\/1720"}],"wp:attachment":[{"href":"https:\/\/vecinosdelinterior.com\/index.php\/wp-json\/wp\/v2\/media?parent=1719"}],"wp:term":[{"taxonomy":"category","embeddable":true,"href":"https:\/\/vecinosdelinterior.com\/index.php\/wp-json\/wp\/v2\/categories?post=1719"},{"taxonomy":"post_tag","embeddable":true,"href":"https:\/\/vecinosdelinterior.com\/index.php\/wp-json\/wp\/v2\/tags?post=1719"}],"curies":[{"name":"wp","href":"https:\/\/api.w.org\/{rel}","templated":true}]}}