{"id":172,"date":"2023-07-26T11:00:56","date_gmt":"2023-07-26T14:00:56","guid":{"rendered":"https:\/\/vecinosdelinterior.com\/?p=172"},"modified":"2023-07-26T11:00:57","modified_gmt":"2023-07-26T14:00:57","slug":"confirman-la-prision-preventiva-para-marco-lino-rafaelli-por-el-violento-asalto-en-los-molles","status":"publish","type":"post","link":"https:\/\/vecinosdelinterior.com\/index.php\/2023\/07\/26\/confirman-la-prision-preventiva-para-marco-lino-rafaelli-por-el-violento-asalto-en-los-molles\/","title":{"rendered":"Confirman la prisi\u00f3n preventiva para Marco Lino Rafaelli por el violento asalto en Los Molles"},"content":{"rendered":"\n<p><br>El Tribunal de Impugnaci\u00f3n de la segunda y tercera circunscripci\u00f3n judicial confirm\u00f3 que Marco Lino Rafaelli continuar\u00e1 detenido en el Servicio Penitenciario Provincial mientras contin\u00fae la investigaci\u00f3n sobre su presunta participaci\u00f3n en un violento asalto a un matrimonio de jubilados de Los Molles.<\/p>\n\n\n\n<p>La revisi\u00f3n de la prisi\u00f3n preventiva hab\u00eda sido planteada por el abogado Guillermo Gatica, defensor de Rafaelli. El Tribunal, integrado por Mar\u00eda Monserrath Bocca, Cintia Paola Mart\u00edn y Laura Molino, consider\u00f3 el eventual peligro de fuga y de entorpecimiento de la investigaci\u00f3n y ratific\u00f3 la medida que hab\u00eda sido dictada por Juez de Garant\u00eda N\u00b0 2 de la tercera circunscripci\u00f3n, Jorge Pinto.<\/p>\n\n\n\n<figure class=\"wp-block-image size-full\"><img fetchpriority=\"high\" decoding=\"async\" width=\"992\" height=\"761\" src=\"https:\/\/vecinosdelinterior.com\/wp-content\/uploads\/2023\/07\/rafa.jpg\" alt=\"\" class=\"wp-image-173\" srcset=\"https:\/\/vecinosdelinterior.com\/wp-content\/uploads\/2023\/07\/rafa.jpg 992w, https:\/\/vecinosdelinterior.com\/wp-content\/uploads\/2023\/07\/rafa-300x230.jpg 300w, https:\/\/vecinosdelinterior.com\/wp-content\/uploads\/2023\/07\/rafa-768x589.jpg 768w\" sizes=\"(max-width: 992px) 100vw, 992px\" \/><\/figure>\n\n\n\n<p>Gatica argument\u00f3 que la detenci\u00f3n de su cliente se produjo de forma ilegal: \u201cLo que conlleva que si la detenci\u00f3n fue ilegal, la prisi\u00f3n preventiva deviene nula\u201d, se\u00f1al\u00f3.<\/p>\n\n\n\n<p>En representaci\u00f3n del Ministerio P\u00fablico Fiscal, Leandro Estrada asever\u00f3 que \u201ctodo el proceso realizado es completamente leg\u00edtimo, se ha respetado la reglamentaci\u00f3n procesal y no ha habido violaciones de ninguna naturaleza\u201d y agreg\u00f3 que la medida cautelar se encuentra justificada en los elementos incorporados a la causa.<\/p>\n\n\n\n<p>Adem\u00e1s, Estrada remarc\u00f3 que el episodio investigado tuvo un alto grado de violencia y record\u00f3 que hasta hubo un disparo con arma de fuego por parte de los atracadores.<\/p>\n\n\n\n<p>Y destac\u00f3 que el imputado tiene tres procesos judiciales en tr\u00e1mite por delitos de la misma naturaleza.<\/p>\n\n\n\n<p>De esta manera, solicit\u00f3 al tribunal que confirme la prisi\u00f3n preventiva por el t\u00e9rmino de 120 d\u00edas.<\/p>\n\n\n\n<p>Luego de escuchar a las partes y de deliberar en un cuarto intermedio, el tribunal resolvi\u00f3 confirmar la medida dictada por el juez Pinto \u2013 prisi\u00f3n preventiva por el plazo de 120 d\u00edas.<\/p>\n\n\n\n<p>Rafaelli, de 38 a\u00f1os, es el \u00fanico detenido por el hecho ocurrido el 24 de junio pasado en la localidad de Los Molles. Ese d\u00eda, un matrimonio de personas mayores, de 65 y 67 a\u00f1os, denunci\u00f3 que alrededor de las 20:30 dos hombres ingresaron a su vivienda con sus caras cubiertas con un pasamonta\u00f1a, los maniataron y cubrieron sus rostros con una manta.<\/p>\n\n\n\n<p>Seg\u00fan la denuncia, uno de ellos efectu\u00f3 un disparo con el objetivo de amedrentarlos y luego de revisar por todos los sectores del inmueble, se llevaron dinero en moneda nacional y estadounidense, celulares y las llaves de un auto.<\/p>\n\n\n\n<p>Gracias a una aplicaci\u00f3n instalada en uno de los tel\u00e9fonos de las v\u00edctimas, se pudo determinar la ubicaci\u00f3n del dispositivo, trat\u00e1ndose de la vivienda de Rafaelli. La Fiscal\u00eda realiz\u00f3 un allanamiento en dicho domicilio y all\u00ed encontraron los tel\u00e9fonos, la llave del auto, y el DNI de uno de los damnificados. El acusado fue detenido el 26 de junio.<\/p>\n","protected":false},"excerpt":{"rendered":"<p>El Tribunal de Impugnaci\u00f3n de la segunda y tercera circunscripci\u00f3n judicial confirm\u00f3 que Marco Lino Rafaelli continuar\u00e1 detenido en el Servicio Penitenciario Provincial mientras contin\u00fae la investigaci\u00f3n sobre su presunta participaci\u00f3n en un violento asalto a un matrimonio de jubilados de Los Molles. La revisi\u00f3n de la prisi\u00f3n preventiva hab\u00eda sido planteada por el abogado [&hellip;]<\/p>\n","protected":false},"author":1,"featured_media":173,"comment_status":"open","ping_status":"open","sticky":false,"template":"","format":"standard","meta":{"footnotes":""},"categories":[23,24],"tags":[84,85],"class_list":["post-172","post","type-post","status-publish","format-standard","has-post-thumbnail","hentry","category-junin","category-los-molles","tag-asalto","tag-justicia"],"_links":{"self":[{"href":"https:\/\/vecinosdelinterior.com\/index.php\/wp-json\/wp\/v2\/posts\/172","targetHints":{"allow":["GET"]}}],"collection":[{"href":"https:\/\/vecinosdelinterior.com\/index.php\/wp-json\/wp\/v2\/posts"}],"about":[{"href":"https:\/\/vecinosdelinterior.com\/index.php\/wp-json\/wp\/v2\/types\/post"}],"author":[{"embeddable":true,"href":"https:\/\/vecinosdelinterior.com\/index.php\/wp-json\/wp\/v2\/users\/1"}],"replies":[{"embeddable":true,"href":"https:\/\/vecinosdelinterior.com\/index.php\/wp-json\/wp\/v2\/comments?post=172"}],"version-history":[{"count":1,"href":"https:\/\/vecinosdelinterior.com\/index.php\/wp-json\/wp\/v2\/posts\/172\/revisions"}],"predecessor-version":[{"id":174,"href":"https:\/\/vecinosdelinterior.com\/index.php\/wp-json\/wp\/v2\/posts\/172\/revisions\/174"}],"wp:featuredmedia":[{"embeddable":true,"href":"https:\/\/vecinosdelinterior.com\/index.php\/wp-json\/wp\/v2\/media\/173"}],"wp:attachment":[{"href":"https:\/\/vecinosdelinterior.com\/index.php\/wp-json\/wp\/v2\/media?parent=172"}],"wp:term":[{"taxonomy":"category","embeddable":true,"href":"https:\/\/vecinosdelinterior.com\/index.php\/wp-json\/wp\/v2\/categories?post=172"},{"taxonomy":"post_tag","embeddable":true,"href":"https:\/\/vecinosdelinterior.com\/index.php\/wp-json\/wp\/v2\/tags?post=172"}],"curies":[{"name":"wp","href":"https:\/\/api.w.org\/{rel}","templated":true}]}}