{"id":1722,"date":"2024-03-18T08:09:15","date_gmt":"2024-03-18T11:09:15","guid":{"rendered":"https:\/\/vecinosdelinterior.com\/?p=1722"},"modified":"2024-03-18T08:09:16","modified_gmt":"2024-03-18T11:09:16","slug":"el-hombre-hallado-entre-balde-y-san-jeronimo-fallecio-por-un-paro-cardiaco","status":"publish","type":"post","link":"https:\/\/vecinosdelinterior.com\/index.php\/2024\/03\/18\/el-hombre-hallado-entre-balde-y-san-jeronimo-fallecio-por-un-paro-cardiaco\/","title":{"rendered":"El hombre hallado entre Balde y San Jer\u00f3nimo falleci\u00f3 por un paro card\u00edaco"},"content":{"rendered":"\n<p>Este viernes se conocieron los resultados de la autopsia practicada al cuerpo de un hombre de mediana edad que fue encontrado el jueves en un campo cercano a la ruta provincial N\u00ba 15, entre las localidades de Balde y San Jer\u00f3nimo.<\/p>\n\n\n\n<figure class=\"wp-block-image size-full\"><img fetchpriority=\"high\" decoding=\"async\" width=\"533\" height=\"344\" src=\"https:\/\/vecinosdelinterior.com\/wp-content\/uploads\/2024\/03\/campo.png\" alt=\"\" class=\"wp-image-1723\" srcset=\"https:\/\/vecinosdelinterior.com\/wp-content\/uploads\/2024\/03\/campo.png 533w, https:\/\/vecinosdelinterior.com\/wp-content\/uploads\/2024\/03\/campo-300x194.png 300w\" sizes=\"(max-width: 533px) 100vw, 533px\" \/><\/figure>\n\n\n\n<p><br>El resultado fue \u201cInsuficiencia cardiorrespiratoria de fuente indeterminada debido al estado de putrefacci\u00f3n de los otros \u00f3rganos y no hay traumatismos ni otras lesiones que le hayan provocado una muerte violenta\u201d, indic\u00f3 la informaci\u00f3n oficial del Poder Judicial.<br>\u201cEn principio no tendr\u00edamos elementos para pensar que se ha tratado de un homicidio o de una muerte violenta. Apareci\u00f3 una persona de apellido Sosa, que hizo el reconocimiento del cuerpo y que dio caracter\u00edsticas, fisonom\u00eda, forma de vestirse, tatuajes y otros elementos que sol\u00eda utilizar y que coincidir\u00edan con la persona encontrada\u201d, dijo Juan Pablo D\u00edaz Estopi\u00f1\u00e1n, fiscal adjunto de la Fiscal\u00eda N\u00b0 1 de la ciudad de San Luis.<br>Y agreg\u00f3: \u201cSe han enviado oficios a Rastros y a Antecedentes para que tengamos alg\u00fan elemento m\u00e1s con la posibilidad de identificarlo cient\u00edficamente, m\u00e1s all\u00e1 de si lo reconoce o no el hermano. Probablemente se deba realizar un estudio de ADN\u201d.<\/p>\n","protected":false},"excerpt":{"rendered":"<p>Este viernes se conocieron los resultados de la autopsia practicada al cuerpo de un hombre de mediana edad que fue encontrado el jueves en un campo cercano a la ruta provincial N\u00ba 15, entre las localidades de Balde y San Jer\u00f3nimo. El resultado fue \u201cInsuficiencia cardiorrespiratoria de fuente indeterminada debido al estado de putrefacci\u00f3n de [&hellip;]<\/p>\n","protected":false},"author":1,"featured_media":1723,"comment_status":"open","ping_status":"open","sticky":false,"template":"","format":"standard","meta":{"footnotes":""},"categories":[382],"tags":[],"class_list":["post-1722","post","type-post","status-publish","format-standard","has-post-thumbnail","hentry","category-balde"],"_links":{"self":[{"href":"https:\/\/vecinosdelinterior.com\/index.php\/wp-json\/wp\/v2\/posts\/1722","targetHints":{"allow":["GET"]}}],"collection":[{"href":"https:\/\/vecinosdelinterior.com\/index.php\/wp-json\/wp\/v2\/posts"}],"about":[{"href":"https:\/\/vecinosdelinterior.com\/index.php\/wp-json\/wp\/v2\/types\/post"}],"author":[{"embeddable":true,"href":"https:\/\/vecinosdelinterior.com\/index.php\/wp-json\/wp\/v2\/users\/1"}],"replies":[{"embeddable":true,"href":"https:\/\/vecinosdelinterior.com\/index.php\/wp-json\/wp\/v2\/comments?post=1722"}],"version-history":[{"count":1,"href":"https:\/\/vecinosdelinterior.com\/index.php\/wp-json\/wp\/v2\/posts\/1722\/revisions"}],"predecessor-version":[{"id":1724,"href":"https:\/\/vecinosdelinterior.com\/index.php\/wp-json\/wp\/v2\/posts\/1722\/revisions\/1724"}],"wp:featuredmedia":[{"embeddable":true,"href":"https:\/\/vecinosdelinterior.com\/index.php\/wp-json\/wp\/v2\/media\/1723"}],"wp:attachment":[{"href":"https:\/\/vecinosdelinterior.com\/index.php\/wp-json\/wp\/v2\/media?parent=1722"}],"wp:term":[{"taxonomy":"category","embeddable":true,"href":"https:\/\/vecinosdelinterior.com\/index.php\/wp-json\/wp\/v2\/categories?post=1722"},{"taxonomy":"post_tag","embeddable":true,"href":"https:\/\/vecinosdelinterior.com\/index.php\/wp-json\/wp\/v2\/tags?post=1722"}],"curies":[{"name":"wp","href":"https:\/\/api.w.org\/{rel}","templated":true}]}}