{"id":1740,"date":"2024-03-20T08:40:23","date_gmt":"2024-03-20T11:40:23","guid":{"rendered":"https:\/\/vecinosdelinterior.com\/?p=1740"},"modified":"2024-03-20T08:40:24","modified_gmt":"2024-03-20T11:40:24","slug":"merlo-condenan-a-6-anos-de-prision-al-hombre-que-violo-a-su-companera-de-trabajo","status":"publish","type":"post","link":"https:\/\/vecinosdelinterior.com\/index.php\/2024\/03\/20\/merlo-condenan-a-6-anos-de-prision-al-hombre-que-violo-a-su-companera-de-trabajo\/","title":{"rendered":"Merlo: condenan a 6 a\u00f1os de prisi\u00f3n al hombre que viol\u00f3 a su compa\u00f1era de trabajo"},"content":{"rendered":"\n<p><\/p>\n\n\n\n<p>Hern\u00e1n Gustavo Arce, de 32 a\u00f1os, fue declarado culpable de \u201cabuso sexual con acceso carnal\u201d contra una compa\u00f1era de trabajo y condenado a 6 a\u00f1os de prisi\u00f3n.<\/p>\n\n\n\n<p>As\u00ed lo resolvi\u00f3 el tribunal de la tercera circunscripci\u00f3n judicial integrado por Daniel Sanchi\u00f1o, Sandra Piguillem y Mar\u00eda Claudia Uccello, este martes.<\/p>\n\n\n\n<p>El hecho ocurri\u00f3 el 22 de marzo de 2021 en Villa de Merlo. En ese momento, la v\u00edctima ten\u00eda 19 a\u00f1os y se radic\u00f3 en San Luis poco tiempo antes. Comenz\u00f3 a trabajar en una distribuidora, donde ten\u00eda a Arce como compa\u00f1ero de trabajo.<\/p>\n\n\n\n<p>En su primera jornada laboral, el hombre la invit\u00f3 a \u201ctomar algo\u201d al finalizar el trabajo, y termin\u00f3 agredi\u00e9ndola sexualmente en el bad\u00e9n del arroyo El Tigre, sobre calle Becerra.<\/p>\n\n\n\n<p>La declaraci\u00f3n del acusado de violar a su compa\u00f1era de trabajo<br>El juicio contra Arce comenz\u00f3 el 12 de marzo, donde se desarroll\u00f3 la instancia de producci\u00f3n de prueba. La segunda etapa del debate comenz\u00f3 con la declaraci\u00f3n del acusado, quien particip\u00f3 de la audiencia desde el Servicio Penitenciario Provincial.<\/p>\n\n\n\n<p>En una breve exposici\u00f3n, rese\u00f1\u00f3 que el 22 de marzo de 2021 sali\u00f3 de la distribuidora a las 21:30 y se dirigi\u00f3 a su segundo trabajo en un local de comida. Asegur\u00f3 que no tuvo di\u00e1logo con la chica, salvo por cuestiones laborales, que no se fueron juntos, que no estuvo en ning\u00fan arroyo y que no pas\u00f3 nada con ella.<\/p>\n\n\n\n<p>Sin embargo, el Fiscal de Juicio, Mario N\u00e9stor Zudaire, manifest\u00f3 no tener dudas respecto de la autor\u00eda de Arce en el hecho atribuido.<\/p>\n\n\n\n<p>Afirm\u00f3 tambi\u00e9n que la v\u00edctima brind\u00f3 un relato consistente, que se corrobor\u00f3 con diferentes medios de prueba. En ese sentido, a\u00f1adi\u00f3 que la exposici\u00f3n se sostuvo tambi\u00e9n con la declaraci\u00f3n de la m\u00e9dica de guardia que la recibi\u00f3 en el Hospital \u201cMadre Catalina Rodr\u00edguez\u201d; el informe del m\u00e9dico forense que constat\u00f3 diferentes lesiones; y la pericia psicol\u00f3gico psiqui\u00e1trica.<\/p>\n\n\n\n<p>El fiscal solicit\u00f3 una condena de 7 a\u00f1os de prisi\u00f3n para el acusado.<\/p>\n","protected":false},"excerpt":{"rendered":"<p>Hern\u00e1n Gustavo Arce, de 32 a\u00f1os, fue declarado culpable de \u201cabuso sexual con acceso carnal\u201d contra una compa\u00f1era de trabajo y condenado a 6 a\u00f1os de prisi\u00f3n. As\u00ed lo resolvi\u00f3 el tribunal de la tercera circunscripci\u00f3n judicial integrado por Daniel Sanchi\u00f1o, Sandra Piguillem y Mar\u00eda Claudia Uccello, este martes. El hecho ocurri\u00f3 el 22 de [&hellip;]<\/p>\n","protected":false},"author":1,"featured_media":1741,"comment_status":"open","ping_status":"open","sticky":false,"template":"","format":"standard","meta":{"footnotes":""},"categories":[23,73],"tags":[115,385],"class_list":["post-1740","post","type-post","status-publish","format-standard","has-post-thumbnail","hentry","category-junin","category-merlo","tag-abuso","tag-condena"],"_links":{"self":[{"href":"https:\/\/vecinosdelinterior.com\/index.php\/wp-json\/wp\/v2\/posts\/1740","targetHints":{"allow":["GET"]}}],"collection":[{"href":"https:\/\/vecinosdelinterior.com\/index.php\/wp-json\/wp\/v2\/posts"}],"about":[{"href":"https:\/\/vecinosdelinterior.com\/index.php\/wp-json\/wp\/v2\/types\/post"}],"author":[{"embeddable":true,"href":"https:\/\/vecinosdelinterior.com\/index.php\/wp-json\/wp\/v2\/users\/1"}],"replies":[{"embeddable":true,"href":"https:\/\/vecinosdelinterior.com\/index.php\/wp-json\/wp\/v2\/comments?post=1740"}],"version-history":[{"count":1,"href":"https:\/\/vecinosdelinterior.com\/index.php\/wp-json\/wp\/v2\/posts\/1740\/revisions"}],"predecessor-version":[{"id":1742,"href":"https:\/\/vecinosdelinterior.com\/index.php\/wp-json\/wp\/v2\/posts\/1740\/revisions\/1742"}],"wp:featuredmedia":[{"embeddable":true,"href":"https:\/\/vecinosdelinterior.com\/index.php\/wp-json\/wp\/v2\/media\/1741"}],"wp:attachment":[{"href":"https:\/\/vecinosdelinterior.com\/index.php\/wp-json\/wp\/v2\/media?parent=1740"}],"wp:term":[{"taxonomy":"category","embeddable":true,"href":"https:\/\/vecinosdelinterior.com\/index.php\/wp-json\/wp\/v2\/categories?post=1740"},{"taxonomy":"post_tag","embeddable":true,"href":"https:\/\/vecinosdelinterior.com\/index.php\/wp-json\/wp\/v2\/tags?post=1740"}],"curies":[{"name":"wp","href":"https:\/\/api.w.org\/{rel}","templated":true}]}}