{"id":1751,"date":"2024-03-22T18:21:21","date_gmt":"2024-03-22T21:21:21","guid":{"rendered":"https:\/\/vecinosdelinterior.com\/?p=1751"},"modified":"2024-03-22T18:21:22","modified_gmt":"2024-03-22T21:21:22","slug":"san-francisco-organizara-homenajes-por-el-dia-internacional-del-artesano-y-de-la-poesia","status":"publish","type":"post","link":"https:\/\/vecinosdelinterior.com\/index.php\/2024\/03\/22\/san-francisco-organizara-homenajes-por-el-dia-internacional-del-artesano-y-de-la-poesia\/","title":{"rendered":"San Francisco organizar\u00e1 homenajes por el D\u00eda Internacional del Artesano y de la Poes\u00eda"},"content":{"rendered":"\n<p>Este s\u00e1bado 23 de marzo, la localidad del norte provincial albergar\u00e1 un acto especial para celebrar las fechas en el Centro Cultural. La actividad iniciar\u00e1 a las 18:00 y contar\u00e1 con entrada libre y gratuita.<\/p>\n\n\n\n<p>San Francisco del Monte de Oro decidi\u00f3 sumarse a la celebraci\u00f3n por el D\u00eda Internacional del Artesano, que fue el pasado 19 de marzo, y el D\u00eda Internacional de la Poes\u00eda, que aconteci\u00f3 el 21 del mismo mes. Por ese motivo, realizar\u00e1n un evento particular que tendr\u00e1 de artistas invitados, ballets folcl\u00f3ricos y momentos de reconocimiento.<\/p>\n\n\n\n<p>Seg\u00fan informaron desde la organizaci\u00f3n, la Biblioteca Popular de la localidad acompa\u00f1ar\u00e1 con una tem\u00e1tica po\u00e9tica y el ballet \u2018Arte Nativo\u2019 brindar\u00e1 un espect\u00e1culo en torno a la Zamba del Artesano. Por otra parte, llevar\u00e1n adelante un reconocimiento a tres destacados e ilustres artesanos de San Francisco: don Gaudioso Ag\u00fcero, Zotero Quiroga y Gilberto Fern\u00e1ndez.<\/p>\n\n\n\n<p>\u201cEllos han sido artesanos distinguidos en el pueblo por sus obras. Don Gaudioso Ag\u00fcero se destac\u00f3 con el cuero crudo, soguero, con trabajos artesanales de primer nivel. \u00c9l gan\u00f3 el primer premio en la Sociedad Rural de Palermo hace algunos a\u00f1os\u201d, explic\u00f3 Pablo Mariano Peme, subdirector del Centro Cultural San Francisco. \u201cPor su parte, Zotero Quiroga y Gilberto Fern\u00e1ndez trabajaban en cuero zuela. Los tres est\u00e1n fallecidos. Es un homenaje p\u00f3stumo muy merecido porque han sido artistas destacados de la regi\u00f3n\u201d, precis\u00f3.<\/p>\n\n\n\n<p>En cuanto a la actualidad del Centro Cultural, Peme asegur\u00f3 que buscan, desde la gesti\u00f3n del espacio, \u201cla construcci\u00f3n de cultura con la gente. Es decir, incorporar toda la variedad de propuestas y talleres que se puedan desarrollar dentro de la instituci\u00f3n con la participaci\u00f3n de la comunidad\u201d.<\/p>\n\n\n\n<p>Acerca del impulso que quieren brindarle al lugar para el mayor disfrute de la comunidad y los turistas, el subdirector coment\u00f3 que \u201cestamos gestionando propuestas de capacitaci\u00f3n en diversos temas y nuevas actividades para sumar a nuestra oferta. Adem\u00e1s, tratamos de promover el uso del Teatro Cine que tiene una capacidad para 250 personas\u201d.<\/p>\n\n\n\n<figure class=\"wp-block-image size-full\"><img fetchpriority=\"high\" decoding=\"async\" width=\"740\" height=\"492\" src=\"https:\/\/vecinosdelinterior.com\/wp-content\/uploads\/2024\/03\/foto2-3.jpg\" alt=\"\" class=\"wp-image-1752\" srcset=\"https:\/\/vecinosdelinterior.com\/wp-content\/uploads\/2024\/03\/foto2-3.jpg 740w, https:\/\/vecinosdelinterior.com\/wp-content\/uploads\/2024\/03\/foto2-3-300x199.jpg 300w\" sizes=\"(max-width: 740px) 100vw, 740px\" \/><\/figure>\n","protected":false},"excerpt":{"rendered":"<p>Este s\u00e1bado 23 de marzo, la localidad del norte provincial albergar\u00e1 un acto especial para celebrar las fechas en el Centro Cultural. La actividad iniciar\u00e1 a las 18:00 y contar\u00e1 con entrada libre y gratuita. San Francisco del Monte de Oro decidi\u00f3 sumarse a la celebraci\u00f3n por el D\u00eda Internacional del Artesano, que fue el [&hellip;]<\/p>\n","protected":false},"author":1,"featured_media":1752,"comment_status":"open","ping_status":"open","sticky":false,"template":"","format":"standard","meta":{"footnotes":""},"categories":[8,9],"tags":[],"class_list":["post-1751","post","type-post","status-publish","format-standard","has-post-thumbnail","hentry","category-ayacucho","category-san-francisco"],"_links":{"self":[{"href":"https:\/\/vecinosdelinterior.com\/index.php\/wp-json\/wp\/v2\/posts\/1751","targetHints":{"allow":["GET"]}}],"collection":[{"href":"https:\/\/vecinosdelinterior.com\/index.php\/wp-json\/wp\/v2\/posts"}],"about":[{"href":"https:\/\/vecinosdelinterior.com\/index.php\/wp-json\/wp\/v2\/types\/post"}],"author":[{"embeddable":true,"href":"https:\/\/vecinosdelinterior.com\/index.php\/wp-json\/wp\/v2\/users\/1"}],"replies":[{"embeddable":true,"href":"https:\/\/vecinosdelinterior.com\/index.php\/wp-json\/wp\/v2\/comments?post=1751"}],"version-history":[{"count":1,"href":"https:\/\/vecinosdelinterior.com\/index.php\/wp-json\/wp\/v2\/posts\/1751\/revisions"}],"predecessor-version":[{"id":1753,"href":"https:\/\/vecinosdelinterior.com\/index.php\/wp-json\/wp\/v2\/posts\/1751\/revisions\/1753"}],"wp:featuredmedia":[{"embeddable":true,"href":"https:\/\/vecinosdelinterior.com\/index.php\/wp-json\/wp\/v2\/media\/1752"}],"wp:attachment":[{"href":"https:\/\/vecinosdelinterior.com\/index.php\/wp-json\/wp\/v2\/media?parent=1751"}],"wp:term":[{"taxonomy":"category","embeddable":true,"href":"https:\/\/vecinosdelinterior.com\/index.php\/wp-json\/wp\/v2\/categories?post=1751"},{"taxonomy":"post_tag","embeddable":true,"href":"https:\/\/vecinosdelinterior.com\/index.php\/wp-json\/wp\/v2\/tags?post=1751"}],"curies":[{"name":"wp","href":"https:\/\/api.w.org\/{rel}","templated":true}]}}