{"id":1778,"date":"2024-03-25T15:05:29","date_gmt":"2024-03-25T18:05:29","guid":{"rendered":"https:\/\/vecinosdelinterior.com\/?p=1778"},"modified":"2024-03-25T15:05:29","modified_gmt":"2024-03-25T18:05:29","slug":"la-toma-acusan-de-abuso-de-autoridad-en-la-comisaria-local","status":"publish","type":"post","link":"https:\/\/vecinosdelinterior.com\/index.php\/2024\/03\/25\/la-toma-acusan-de-abuso-de-autoridad-en-la-comisaria-local\/","title":{"rendered":"LA TOMA: Acusan de abuso de autoridad en la comisar\u00eda local."},"content":{"rendered":"\n<p>Seg\u00fan quienes pudieron capturar el momento en que un aparente polic\u00eda sin su indumentaria reglamentaria, maltrata y agrede f\u00edsicamente a un joven en la Comisar\u00eda de la Toma.<br>El hecho habr\u00eda sucedido cerca de la una de la madrugada de este lunes en momentos que personal policial realizaba recorrida por la v\u00eda p\u00fablica y tres j\u00f3venes, seg\u00fan relataron ellos les dijeron que no era horario para estar en la v\u00eda p\u00fablica y los trasladaron a la comisaria.<br>Una vez all\u00ed uno de ellos pudo filmar como una persona, aparentemente polic\u00eda, agrede a un joven de remera blanca y pantal\u00f3n corto de color verde, quien no ofrece resistencia, mientras otros polic\u00edas con su indumentaria observan la situaci\u00f3n.<\/p>\n\n\n\n<p><br><strong>COMUNICADO DE LA CENTRAL DE POLIC\u00cdA:<br>Habiendo tomado conocimiento de que en las redes sociales circula un video respecto a una situaci\u00f3n en la cual se puede vislumbrar claramente un acto de apremios ilegales por parte de funcionarios policiales que, en primera instancia, pertenecer\u00edan a la Polic\u00eda de la Provincia de San Luis y que el hecho se habr\u00eda suscitado en una comisar\u00eda que es \u00f3rbita de la Unidad Regional de Orden P\u00fablico (UROP) N\u00b0 1 -precisamente en la comisar\u00eda de La Toma-, el Jefe de la Polic\u00eda de San Luis, Comisario General (RV) Pablo Vieytes dispuso ordenar el relevamiento completo de todo el turno de guardia de la comisar\u00eda y, a la vez, ordenar la instrucci\u00f3n de actuaciones administrativas pertinentes a trav\u00e9s de la Direcci\u00f3n General de Asuntos Internos; como as\u00ed tambi\u00e9n anoticiar de los pormenores a la se\u00f1ora Ministro de Seguridad, Lic. Nancy Sosa; no descartando que respecto a las medidas adoptadas recaiga alg\u00fan cambio de situaci\u00f3n de revista sobre los responsables del hecho; quedando supeditados \u00e9stos a la investigaci\u00f3n de car\u00e1cter administrativo en su orden preliminar, hasta tanto se esclarezcan cada una de las circunstancias del hecho y la eventual participaci\u00f3n de terceros.<\/strong><\/p>\n\n\n\n<figure class=\"wp-block-image size-full\"><a href=\"https:\/\/www.facebook.com\/reel\/1378313473051970\" target=\"_blank\" rel=\"noreferrer noopener\"><img fetchpriority=\"high\" decoding=\"async\" width=\"543\" height=\"819\" src=\"https:\/\/vecinosdelinterior.com\/wp-content\/uploads\/2024\/03\/25-3-2024-14-59-54.jpg\" alt=\"\" class=\"wp-image-1779\" srcset=\"https:\/\/vecinosdelinterior.com\/wp-content\/uploads\/2024\/03\/25-3-2024-14-59-54.jpg 543w, https:\/\/vecinosdelinterior.com\/wp-content\/uploads\/2024\/03\/25-3-2024-14-59-54-199x300.jpg 199w\" sizes=\"(max-width: 543px) 100vw, 543px\" \/><\/a><\/figure>\n\n\n\n<p>clic para ver el video<\/p>\n","protected":false},"excerpt":{"rendered":"<p>Seg\u00fan quienes pudieron capturar el momento en que un aparente polic\u00eda sin su indumentaria reglamentaria, maltrata y agrede f\u00edsicamente a un joven en la Comisar\u00eda de la Toma.El hecho habr\u00eda sucedido cerca de la una de la madrugada de este lunes en momentos que personal policial realizaba recorrida por la v\u00eda p\u00fablica y tres j\u00f3venes, [&hellip;]<\/p>\n","protected":false},"author":1,"featured_media":1779,"comment_status":"open","ping_status":"open","sticky":false,"template":"","format":"standard","meta":{"footnotes":""},"categories":[3,2],"tags":[387],"class_list":["post-1778","post","type-post","status-publish","format-standard","has-post-thumbnail","hentry","category-la-toma","category-pringles","tag-abuso-de-autoridad"],"_links":{"self":[{"href":"https:\/\/vecinosdelinterior.com\/index.php\/wp-json\/wp\/v2\/posts\/1778","targetHints":{"allow":["GET"]}}],"collection":[{"href":"https:\/\/vecinosdelinterior.com\/index.php\/wp-json\/wp\/v2\/posts"}],"about":[{"href":"https:\/\/vecinosdelinterior.com\/index.php\/wp-json\/wp\/v2\/types\/post"}],"author":[{"embeddable":true,"href":"https:\/\/vecinosdelinterior.com\/index.php\/wp-json\/wp\/v2\/users\/1"}],"replies":[{"embeddable":true,"href":"https:\/\/vecinosdelinterior.com\/index.php\/wp-json\/wp\/v2\/comments?post=1778"}],"version-history":[{"count":1,"href":"https:\/\/vecinosdelinterior.com\/index.php\/wp-json\/wp\/v2\/posts\/1778\/revisions"}],"predecessor-version":[{"id":1780,"href":"https:\/\/vecinosdelinterior.com\/index.php\/wp-json\/wp\/v2\/posts\/1778\/revisions\/1780"}],"wp:featuredmedia":[{"embeddable":true,"href":"https:\/\/vecinosdelinterior.com\/index.php\/wp-json\/wp\/v2\/media\/1779"}],"wp:attachment":[{"href":"https:\/\/vecinosdelinterior.com\/index.php\/wp-json\/wp\/v2\/media?parent=1778"}],"wp:term":[{"taxonomy":"category","embeddable":true,"href":"https:\/\/vecinosdelinterior.com\/index.php\/wp-json\/wp\/v2\/categories?post=1778"},{"taxonomy":"post_tag","embeddable":true,"href":"https:\/\/vecinosdelinterior.com\/index.php\/wp-json\/wp\/v2\/tags?post=1778"}],"curies":[{"name":"wp","href":"https:\/\/api.w.org\/{rel}","templated":true}]}}