{"id":178,"date":"2023-07-27T18:43:04","date_gmt":"2023-07-27T21:43:04","guid":{"rendered":"https:\/\/vecinosdelinterior.com\/?p=178"},"modified":"2023-07-27T18:43:04","modified_gmt":"2023-07-27T21:43:04","slug":"un-nino-de-dos-anos-pierde-la-vida-tras-ahogarse-en-una-pileta-familiar","status":"publish","type":"post","link":"https:\/\/vecinosdelinterior.com\/index.php\/2023\/07\/27\/un-nino-de-dos-anos-pierde-la-vida-tras-ahogarse-en-una-pileta-familiar\/","title":{"rendered":"Un ni\u00f1o de dos a\u00f1os pierde la vida tras ahogarse en una pileta familiar"},"content":{"rendered":"\n<p><br>La comunidad de Candelaria est\u00e1 de luto despu\u00e9s de que un ni\u00f1o de tan solo dos a\u00f1os sufriera un tr\u00e1gico accidente dom\u00e9stico que le cost\u00f3 la vida. El mi\u00e9rcoles por la tarde, el peque\u00f1o cay\u00f3 accidentalmente a la pileta de su hogar y se ahog\u00f3. A pesar de los esfuerzos desesperados de sus familiares por salvarlo, el ni\u00f1o fue trasladado de urgencia al hospital \u201cDoctor Juan Carlos Ortiz\u201d, donde los m\u00e9dicos realizaron maniobras de Reanimaci\u00f3n Cardiopulmonar (RCP), sin lograr revertir la situaci\u00f3n.<\/p>\n\n\n\n<p>De acuerdo con el informe policial, el menor ingres\u00f3 al centro de salud a las 16:40 horas y, durante m\u00e1s de una hora, los profesionales m\u00e9dicos se esforzaron por reanimarlo. Desafortunadamente, el ni\u00f1o falleci\u00f3 debido a un paro cardiorrespiratorio, resultado de asfixia por ahogamiento, seg\u00fan indic\u00f3 el parte m\u00e9dico.<\/p>\n\n\n\n<figure class=\"wp-block-image size-large\"><img fetchpriority=\"high\" decoding=\"async\" width=\"1024\" height=\"512\" src=\"https:\/\/vecinosdelinterior.com\/wp-content\/uploads\/2023\/07\/Hospital-Candelaria-1200x600-1-1024x512.jpeg\" alt=\"\" class=\"wp-image-179\" srcset=\"https:\/\/vecinosdelinterior.com\/wp-content\/uploads\/2023\/07\/Hospital-Candelaria-1200x600-1-1024x512.jpeg 1024w, https:\/\/vecinosdelinterior.com\/wp-content\/uploads\/2023\/07\/Hospital-Candelaria-1200x600-1-300x150.jpeg 300w, https:\/\/vecinosdelinterior.com\/wp-content\/uploads\/2023\/07\/Hospital-Candelaria-1200x600-1-768x384.jpeg 768w, https:\/\/vecinosdelinterior.com\/wp-content\/uploads\/2023\/07\/Hospital-Candelaria-1200x600-1.jpeg 1200w\" sizes=\"(max-width: 1024px) 100vw, 1024px\" \/><\/figure>\n\n\n\n<p>La fiscal de turno, Guadalupe Becerra, ha intervenido en el caso y ha ordenado que los efectivos de la Comisar\u00eda Seccional N\u00ba 32 realicen entrevistas al personal m\u00e9dico involucrado y a los familiares del menor. Tambi\u00e9n se llevar\u00e1 a cabo una pericia en el lugar donde ocurri\u00f3 la tragedia para esclarecer los detalles del accidente.<\/p>\n","protected":false},"excerpt":{"rendered":"<p>La comunidad de Candelaria est\u00e1 de luto despu\u00e9s de que un ni\u00f1o de tan solo dos a\u00f1os sufriera un tr\u00e1gico accidente dom\u00e9stico que le cost\u00f3 la vida. El mi\u00e9rcoles por la tarde, el peque\u00f1o cay\u00f3 accidentalmente a la pileta de su hogar y se ahog\u00f3. A pesar de los esfuerzos desesperados de sus familiares por [&hellip;]<\/p>\n","protected":false},"author":1,"featured_media":179,"comment_status":"open","ping_status":"open","sticky":false,"template":"","format":"standard","meta":{"footnotes":""},"categories":[8,51],"tags":[87,88],"class_list":["post-178","post","type-post","status-publish","format-standard","has-post-thumbnail","hentry","category-ayacucho","category-candelaria","tag-accidente","tag-tragedia"],"_links":{"self":[{"href":"https:\/\/vecinosdelinterior.com\/index.php\/wp-json\/wp\/v2\/posts\/178","targetHints":{"allow":["GET"]}}],"collection":[{"href":"https:\/\/vecinosdelinterior.com\/index.php\/wp-json\/wp\/v2\/posts"}],"about":[{"href":"https:\/\/vecinosdelinterior.com\/index.php\/wp-json\/wp\/v2\/types\/post"}],"author":[{"embeddable":true,"href":"https:\/\/vecinosdelinterior.com\/index.php\/wp-json\/wp\/v2\/users\/1"}],"replies":[{"embeddable":true,"href":"https:\/\/vecinosdelinterior.com\/index.php\/wp-json\/wp\/v2\/comments?post=178"}],"version-history":[{"count":1,"href":"https:\/\/vecinosdelinterior.com\/index.php\/wp-json\/wp\/v2\/posts\/178\/revisions"}],"predecessor-version":[{"id":180,"href":"https:\/\/vecinosdelinterior.com\/index.php\/wp-json\/wp\/v2\/posts\/178\/revisions\/180"}],"wp:featuredmedia":[{"embeddable":true,"href":"https:\/\/vecinosdelinterior.com\/index.php\/wp-json\/wp\/v2\/media\/179"}],"wp:attachment":[{"href":"https:\/\/vecinosdelinterior.com\/index.php\/wp-json\/wp\/v2\/media?parent=178"}],"wp:term":[{"taxonomy":"category","embeddable":true,"href":"https:\/\/vecinosdelinterior.com\/index.php\/wp-json\/wp\/v2\/categories?post=178"},{"taxonomy":"post_tag","embeddable":true,"href":"https:\/\/vecinosdelinterior.com\/index.php\/wp-json\/wp\/v2\/tags?post=178"}],"curies":[{"name":"wp","href":"https:\/\/api.w.org\/{rel}","templated":true}]}}