{"id":1787,"date":"2024-03-26T23:33:54","date_gmt":"2024-03-27T02:33:54","guid":{"rendered":"https:\/\/vecinosdelinterior.com\/?p=1787"},"modified":"2024-03-26T23:33:54","modified_gmt":"2024-03-27T02:33:54","slug":"dictaron-la-conciliacion-obligatoria-y-el-transporte-sera-normal-en-toda-la-provincia","status":"publish","type":"post","link":"https:\/\/vecinosdelinterior.com\/index.php\/2024\/03\/26\/dictaron-la-conciliacion-obligatoria-y-el-transporte-sera-normal-en-toda-la-provincia\/","title":{"rendered":"Dictaron la conciliaci\u00f3n obligatoria y el transporte ser\u00e1 normal en toda la provincia"},"content":{"rendered":"\n<p><\/p>\n\n\n\n<p>El servicio p\u00fablico de pasajeros comenzar\u00e1 a funcionar normalmente desde las 5 de la ma\u00f1ana de este mi\u00e9rcoles 27.<\/p>\n\n\n\n<p>La medida de conciliaci\u00f3n obligatoria fue comunicada desde la direcci\u00f3n de Relaciones laborales y acatada por la Uni\u00f3n Tranviarios Automotor, seccional San Luis.<\/p>\n\n\n\n<p>Por lo tanto, desde la madrugada de este mi\u00e9rcoles, las empresas: Mar\u00eda del Rosario SRL, Grupo MR SRL, Polo Sur SRL, Panamericana SRL, Transporte Juana Koslay SRL y Transpuntano SAPEM, deber\u00e1n dar cumplimiento a la medida y volver a prestar el servicio que estaba interrumpido.<\/p>\n","protected":false},"excerpt":{"rendered":"<p>El servicio p\u00fablico de pasajeros comenzar\u00e1 a funcionar normalmente desde las 5 de la ma\u00f1ana de este mi\u00e9rcoles 27. La medida de conciliaci\u00f3n obligatoria fue comunicada desde la direcci\u00f3n de Relaciones laborales y acatada por la Uni\u00f3n Tranviarios Automotor, seccional San Luis. Por lo tanto, desde la madrugada de este mi\u00e9rcoles, las empresas: Mar\u00eda del [&hellip;]<\/p>\n","protected":false},"author":1,"featured_media":1788,"comment_status":"open","ping_status":"open","sticky":false,"template":"","format":"standard","meta":{"footnotes":""},"categories":[80],"tags":[],"class_list":["post-1787","post","type-post","status-publish","format-standard","has-post-thumbnail","hentry","category-general"],"_links":{"self":[{"href":"https:\/\/vecinosdelinterior.com\/index.php\/wp-json\/wp\/v2\/posts\/1787","targetHints":{"allow":["GET"]}}],"collection":[{"href":"https:\/\/vecinosdelinterior.com\/index.php\/wp-json\/wp\/v2\/posts"}],"about":[{"href":"https:\/\/vecinosdelinterior.com\/index.php\/wp-json\/wp\/v2\/types\/post"}],"author":[{"embeddable":true,"href":"https:\/\/vecinosdelinterior.com\/index.php\/wp-json\/wp\/v2\/users\/1"}],"replies":[{"embeddable":true,"href":"https:\/\/vecinosdelinterior.com\/index.php\/wp-json\/wp\/v2\/comments?post=1787"}],"version-history":[{"count":1,"href":"https:\/\/vecinosdelinterior.com\/index.php\/wp-json\/wp\/v2\/posts\/1787\/revisions"}],"predecessor-version":[{"id":1789,"href":"https:\/\/vecinosdelinterior.com\/index.php\/wp-json\/wp\/v2\/posts\/1787\/revisions\/1789"}],"wp:featuredmedia":[{"embeddable":true,"href":"https:\/\/vecinosdelinterior.com\/index.php\/wp-json\/wp\/v2\/media\/1788"}],"wp:attachment":[{"href":"https:\/\/vecinosdelinterior.com\/index.php\/wp-json\/wp\/v2\/media?parent=1787"}],"wp:term":[{"taxonomy":"category","embeddable":true,"href":"https:\/\/vecinosdelinterior.com\/index.php\/wp-json\/wp\/v2\/categories?post=1787"},{"taxonomy":"post_tag","embeddable":true,"href":"https:\/\/vecinosdelinterior.com\/index.php\/wp-json\/wp\/v2\/tags?post=1787"}],"curies":[{"name":"wp","href":"https:\/\/api.w.org\/{rel}","templated":true}]}}