{"id":1794,"date":"2024-03-27T10:03:00","date_gmt":"2024-03-27T13:03:00","guid":{"rendered":"https:\/\/vecinosdelinterior.com\/?p=1794"},"modified":"2024-03-27T11:05:23","modified_gmt":"2024-03-27T14:05:23","slug":"juzgan-acusado-por-el-robo-en-una-estancia-de-villa-del-carmen","status":"publish","type":"post","link":"https:\/\/vecinosdelinterior.com\/index.php\/2024\/03\/27\/juzgan-acusado-por-el-robo-en-una-estancia-de-villa-del-carmen\/","title":{"rendered":"Juzgan acusado por el robo en una estancia de Villa del Carmen"},"content":{"rendered":"\n<p><\/p>\n\n\n\n<p>El hecho ocurri\u00f3 en enero de 2022, en el Establecimiento \u201cLa Suiza\u201d, ubicado en la zona rural de esa localidad.<\/p>\n\n\n\n<p>Este martes, comenz\u00f3 el juicio contra F.M.R., un hombre de 50 a\u00f1os oriundo de la provincia de C\u00f3rdoba, se\u00f1alado como presunto autor del robo perpetrado en la Estancia \u201cLa Suiza\u201d de Villa del Carmen.<\/p>\n\n\n\n<p>EL HECHO<\/p>\n\n\n\n<p>El hecho que se juzga, ocurri\u00f3 el 12 de enero de 2022 alrededor de las 22:00 horas; cuando F.M.R. habr\u00eda ingresado al establecimiento rural junto a otro sujeto. En la morada se encontraban el due\u00f1o de la propiedad y su pareja, quienes fueron golpeados, maniatados y amenazados por los delincuentes para que les indicaran en donde ten\u00edan dinero y objetos de valor.<\/p>\n\n\n\n<p>Tras sustraer dinero en efectivo (en moneda nacional y norteamericana), dispositivos electr\u00f3nicos, herramientas, entre otros elementos; los delincuentes huyeron a bordo de la camioneta del propietario.<\/p>\n\n\n\n<p>Minutos despu\u00e9s, las v\u00edctimas lograron desatarse y dirigirse hacia la casa de un puestero para pedir ayuda, quien dio aviso de lo sucedido en la Comisar\u00eda de Villa del Carmen.<\/p>\n\n\n\n<p>Desde la Unidad Regional del Orden P\u00fablico N\u00b0III, se alert\u00f3 a los puestos lim\u00edtrofes y tambi\u00e9n a sus pares de la ciudad de R\u00edo Cuarto, por tratarse de una posible v\u00eda de escape para los autores del il\u00edcito.<\/p>\n\n\n\n<p>F.M.R. fue aprendido pocas horas despu\u00e9s, luego de ser interceptado por la polic\u00eda riocuartense a bordo de la camioneta sustra\u00edda.<\/p>\n\n\n\n<p>JUICIO ORAL<\/p>\n\n\n\n<p>Este 26 de marzo, se llev\u00f3 a cabo la primera jornada del debate, dirigido por la camarista Sandra Elizabeth Piguillem.<\/p>\n\n\n\n<p>En representaci\u00f3n del Ministerio P\u00fablico Fiscal, interviene el Dr. Mario N\u00e9stor Zudaire; mientras que la defensa del acusado es ejercida por el Defensor Oficial en lo Penal, Jos\u00e9 Luis Gui\u00f1az\u00fa.<\/p>\n\n\n\n<p>En esta primera etapa, la fiscal\u00eda present\u00f3 la prueba documental, pericial, informativa y testimonial para probar su teor\u00eda del caso, oportunidad en la que declararon los primeros nueve testigos, entre ellos, la pareja damnificada.<\/p>\n\n\n\n<p>El debate continuar\u00e1 el pr\u00f3ximo 9 de abril, a las 8:30 hs.<\/p>\n","protected":false},"excerpt":{"rendered":"<p>El hecho ocurri\u00f3 en enero de 2022, en el Establecimiento \u201cLa Suiza\u201d, ubicado en la zona rural de esa localidad. Este martes, comenz\u00f3 el juicio contra F.M.R., un hombre de 50 a\u00f1os oriundo de la provincia de C\u00f3rdoba, se\u00f1alado como presunto autor del robo perpetrado en la Estancia \u201cLa Suiza\u201d de Villa del Carmen. EL [&hellip;]<\/p>\n","protected":false},"author":1,"featured_media":1795,"comment_status":"open","ping_status":"open","sticky":false,"template":"","format":"standard","meta":{"footnotes":""},"categories":[29,31],"tags":[],"class_list":["post-1794","post","type-post","status-publish","format-standard","has-post-thumbnail","hentry","category-chacabuco","category-villa-del-carmen"],"_links":{"self":[{"href":"https:\/\/vecinosdelinterior.com\/index.php\/wp-json\/wp\/v2\/posts\/1794","targetHints":{"allow":["GET"]}}],"collection":[{"href":"https:\/\/vecinosdelinterior.com\/index.php\/wp-json\/wp\/v2\/posts"}],"about":[{"href":"https:\/\/vecinosdelinterior.com\/index.php\/wp-json\/wp\/v2\/types\/post"}],"author":[{"embeddable":true,"href":"https:\/\/vecinosdelinterior.com\/index.php\/wp-json\/wp\/v2\/users\/1"}],"replies":[{"embeddable":true,"href":"https:\/\/vecinosdelinterior.com\/index.php\/wp-json\/wp\/v2\/comments?post=1794"}],"version-history":[{"count":1,"href":"https:\/\/vecinosdelinterior.com\/index.php\/wp-json\/wp\/v2\/posts\/1794\/revisions"}],"predecessor-version":[{"id":1796,"href":"https:\/\/vecinosdelinterior.com\/index.php\/wp-json\/wp\/v2\/posts\/1794\/revisions\/1796"}],"wp:featuredmedia":[{"embeddable":true,"href":"https:\/\/vecinosdelinterior.com\/index.php\/wp-json\/wp\/v2\/media\/1795"}],"wp:attachment":[{"href":"https:\/\/vecinosdelinterior.com\/index.php\/wp-json\/wp\/v2\/media?parent=1794"}],"wp:term":[{"taxonomy":"category","embeddable":true,"href":"https:\/\/vecinosdelinterior.com\/index.php\/wp-json\/wp\/v2\/categories?post=1794"},{"taxonomy":"post_tag","embeddable":true,"href":"https:\/\/vecinosdelinterior.com\/index.php\/wp-json\/wp\/v2\/tags?post=1794"}],"curies":[{"name":"wp","href":"https:\/\/api.w.org\/{rel}","templated":true}]}}