{"id":1797,"date":"2024-03-27T13:30:55","date_gmt":"2024-03-27T16:30:55","guid":{"rendered":"https:\/\/vecinosdelinterior.com\/?p=1797"},"modified":"2024-03-27T13:31:27","modified_gmt":"2024-03-27T16:31:27","slug":"nogoli-se-prepara-para-vivir-la-viii-edicion-del-festival-del-asador","status":"publish","type":"post","link":"https:\/\/vecinosdelinterior.com\/index.php\/2024\/03\/27\/nogoli-se-prepara-para-vivir-la-viii-edicion-del-festival-del-asador\/","title":{"rendered":"Nogol\u00ed se prepara para vivir la VIII Edici\u00f3n del Festival del Asador"},"content":{"rendered":"\n<p>La actividad est\u00e1 prevista para el domingo 31 desde las 11:30. Habr\u00e1 shows de artistas locales, desfile gaucho, presentaci\u00f3n de academias folkl\u00f3ricas y el tradicional concurso de asadores. Este mi\u00e9rcoles cierra la inscripci\u00f3n para quienes quieran concursar.<\/p>\n\n\n\n<p>Este domingo 31 de marzo, desde las 11:30, Nogol\u00ed se vestir\u00e1 de fiesta para celebrar la VIII Edici\u00f3n del Festival del Asador, que contar\u00e1 con shows de artistas locales, desfile gaucho, presentaci\u00f3n de academias folkl\u00f3ricas y el tradicional concurso de asadores.<\/p>\n\n\n\n<p>Las inscripciones para los concursantes cierran este mi\u00e9rcoles; las bases y condiciones deben solicitarse a trav\u00e9s de los tel\u00e9fonos 2664-252915 y 2664-302465.<\/p>\n\n\n\n<p>Los interesados en participar deben ser mayores de 18 a\u00f1os y pueden anotarse de manera individual o en equipo de hasta tres personas. El costo de la inscripci\u00f3n es de $2.000 y la organizaci\u00f3n proveer\u00e1 la media res a cada equipo, que deber\u00e1 ser asada exclusivamente a la parrilla, con o sin cuero.<\/p>\n\n\n\n<p>El concurso iniciar\u00e1 a las 10:00 y finalizar\u00e1 a las 21:00, lapso en el que los concursantes podr\u00e1n utilizar el tiempo que consideren para la cocci\u00f3n.<\/p>\n\n\n\n<p>Desde las 18:00, los concursantes y el p\u00fablico podr\u00e1n disfrutar de una nutrida grilla art\u00edsticas que incluye la actuaci\u00f3n de \u2018Los Caldenes\u2019, \u2018ADN Folklore\u2019, \u2018Signos\u2019, \u2018D\u00fao Coria\u2019, \u2018Renacer Chamamecero\u2019, \u2018Luis Soloa, Fer y Facu\u2019, \u2018P.A .K. Llao\u2019 y los ballets \u2018Sierras de Nogol\u00ed\u2019, \u2018Suspiros del Alma\u2019, \u2018Aguas Claras\u2019, \u2018Los Puntanitos del Norte\u2019, \u2018Virgen del Roci\u00f3\u2019, \u2018Los Mensajeros del Recodo\u2019, \u2018Alma Gaucha\u2019, \u2018Ra\u00edces del Toro Negro\u2019, \u2018Agrupaci\u00f3n Gaucha Aguas Claras\u2019 y \u2018Agrupaci\u00f3n Gaucha Virgen de las Mercedes\u2019.<\/p>\n","protected":false},"excerpt":{"rendered":"<p>La actividad est\u00e1 prevista para el domingo 31 desde las 11:30. Habr\u00e1 shows de artistas locales, desfile gaucho, presentaci\u00f3n de academias folkl\u00f3ricas y el tradicional concurso de asadores. Este mi\u00e9rcoles cierra la inscripci\u00f3n para quienes quieran concursar. Este domingo 31 de marzo, desde las 11:30, Nogol\u00ed se vestir\u00e1 de fiesta para celebrar la VIII Edici\u00f3n [&hellip;]<\/p>\n","protected":false},"author":1,"featured_media":1798,"comment_status":"open","ping_status":"open","sticky":false,"template":"","format":"standard","meta":{"footnotes":""},"categories":[92,135],"tags":[391,390,175],"class_list":["post-1797","post","type-post","status-publish","format-standard","has-post-thumbnail","hentry","category-belgrano","category-nogoli","tag-eventos","tag-nogoli","tag-turismo"],"_links":{"self":[{"href":"https:\/\/vecinosdelinterior.com\/index.php\/wp-json\/wp\/v2\/posts\/1797","targetHints":{"allow":["GET"]}}],"collection":[{"href":"https:\/\/vecinosdelinterior.com\/index.php\/wp-json\/wp\/v2\/posts"}],"about":[{"href":"https:\/\/vecinosdelinterior.com\/index.php\/wp-json\/wp\/v2\/types\/post"}],"author":[{"embeddable":true,"href":"https:\/\/vecinosdelinterior.com\/index.php\/wp-json\/wp\/v2\/users\/1"}],"replies":[{"embeddable":true,"href":"https:\/\/vecinosdelinterior.com\/index.php\/wp-json\/wp\/v2\/comments?post=1797"}],"version-history":[{"count":1,"href":"https:\/\/vecinosdelinterior.com\/index.php\/wp-json\/wp\/v2\/posts\/1797\/revisions"}],"predecessor-version":[{"id":1799,"href":"https:\/\/vecinosdelinterior.com\/index.php\/wp-json\/wp\/v2\/posts\/1797\/revisions\/1799"}],"wp:featuredmedia":[{"embeddable":true,"href":"https:\/\/vecinosdelinterior.com\/index.php\/wp-json\/wp\/v2\/media\/1798"}],"wp:attachment":[{"href":"https:\/\/vecinosdelinterior.com\/index.php\/wp-json\/wp\/v2\/media?parent=1797"}],"wp:term":[{"taxonomy":"category","embeddable":true,"href":"https:\/\/vecinosdelinterior.com\/index.php\/wp-json\/wp\/v2\/categories?post=1797"},{"taxonomy":"post_tag","embeddable":true,"href":"https:\/\/vecinosdelinterior.com\/index.php\/wp-json\/wp\/v2\/tags?post=1797"}],"curies":[{"name":"wp","href":"https:\/\/api.w.org\/{rel}","templated":true}]}}