{"id":1800,"date":"2024-03-28T14:53:11","date_gmt":"2024-03-28T17:53:11","guid":{"rendered":"https:\/\/vecinosdelinterior.com\/?p=1800"},"modified":"2024-03-28T14:56:33","modified_gmt":"2024-03-28T17:56:33","slug":"aumenta-el-transporte-interurbano-este-viernes-hasta-un-40-en-algunos-corredores","status":"publish","type":"post","link":"https:\/\/vecinosdelinterior.com\/index.php\/2024\/03\/28\/aumenta-el-transporte-interurbano-este-viernes-hasta-un-40-en-algunos-corredores\/","title":{"rendered":"AUMENTA EL TRANSPORTE INTERURBANO ESTE VIERNES. HASTA UN 40 % EN ALGUNOS CORREDORES"},"content":{"rendered":"\n<p>Se debe a incrementos en los combustibles y gastos operativos y tambi\u00e9n a la imposici\u00f3n de una nueva escala salarial por parte de la UTA. En algunos corredores la suba ser\u00e1 de hasta un 40%. As\u00ed lo informo la Agencia de Noticias del Gobierno Provincial.<\/p>\n\n\n\n<p><br>La direcci\u00f3n de Transporte anunci\u00f3 la actualizaci\u00f3n de las tarifas del servicio interurbano de corta, media y larga distancia, que implica subas de hasta un 40% dependiendo del corredor. La implementaci\u00f3n de esta medida, que empezar\u00e1 a regir este viernes 29, obedece a la necesidad de cubrir los costos operativos y a mantener las fuentes laborales de los trabajadores del transporte p\u00fablico.<\/p>\n\n\n\n<figure class=\"wp-block-image size-full\"><a href=\"https:\/\/www.mercadopago.com.ar\/subscriptions\/checkout?preapproval_plan_id=2c9380848d698db6018d757eb1d5072d\" target=\"_blank\" rel=\"noreferrer noopener\"><img fetchpriority=\"high\" decoding=\"async\" width=\"628\" height=\"100\" src=\"https:\/\/vecinosdelinterior.com\/wp-content\/uploads\/2024\/02\/horizontal-gif-tre-sumas.gif\" alt=\"\" class=\"wp-image-1399\"\/><\/a><\/figure>\n\n\n\n<p><br>\u201cEs importante que todos los actores involucrados en mantener el funcionamiento del servicio muestren disposici\u00f3n para encontrar soluciones para el bien com\u00fan de la ciudadan\u00eda\u201d, expres\u00f3 la directora de Transporte, Roc\u00edo Leyes, quien recalc\u00f3 que el Gobierno otorga m\u00e1s de 600 millones de pesos mensuales al transporte p\u00fablico y garantiza la continuidad del boleto estudiantil gratuito de las ciudades de San Luis, Villa Mercedes y Villa de Merlo a pesar de la quita de los subsidios nacionales.<\/p>\n\n\n\n<div data-wp-interactive=\"core\/file\" class=\"wp-block-file\"><object data-wp-bind--hidden=\"!state.hasPdfPreview\" hidden class=\"wp-block-file__embed\" data=\"https:\/\/vecinosdelinterior.com\/wp-content\/uploads\/2024\/03\/Tarifas-Interurbano.pdf\" type=\"application\/pdf\" style=\"width:100%;height:600px\" aria-label=\"Incrustado de Tarifas-Interurbano.\"><\/object><a id=\"wp-block-file--media-775b729b-e001-46a6-926f-339fd215c6c4\" href=\"https:\/\/vecinosdelinterior.com\/wp-content\/uploads\/2024\/03\/Tarifas-Interurbano.pdf\">Tarifas-Interurbano<\/a><a href=\"https:\/\/vecinosdelinterior.com\/wp-content\/uploads\/2024\/03\/Tarifas-Interurbano.pdf\" class=\"wp-block-file__button wp-element-button\" download aria-describedby=\"wp-block-file--media-775b729b-e001-46a6-926f-339fd215c6c4\">Descarga<\/a><\/div>\n","protected":false},"excerpt":{"rendered":"<p>Se debe a incrementos en los combustibles y gastos operativos y tambi\u00e9n a la imposici\u00f3n de una nueva escala salarial por parte de la UTA. En algunos corredores la suba ser\u00e1 de hasta un 40%. As\u00ed lo informo la Agencia de Noticias del Gobierno Provincial. La direcci\u00f3n de Transporte anunci\u00f3 la actualizaci\u00f3n de las tarifas [&hellip;]<\/p>\n","protected":false},"author":1,"featured_media":1802,"comment_status":"open","ping_status":"open","sticky":false,"template":"","format":"standard","meta":{"footnotes":""},"categories":[8,92,29,16,23,98,12,67],"tags":[320],"class_list":["post-1800","post","type-post","status-publish","format-standard","has-post-thumbnail","hentry","category-ayacucho","category-belgrano","category-chacabuco","category-dupuy","category-junin","category-pedernera","category-pueyrredon","category-san-martin","tag-transporte-interurbano"],"_links":{"self":[{"href":"https:\/\/vecinosdelinterior.com\/index.php\/wp-json\/wp\/v2\/posts\/1800","targetHints":{"allow":["GET"]}}],"collection":[{"href":"https:\/\/vecinosdelinterior.com\/index.php\/wp-json\/wp\/v2\/posts"}],"about":[{"href":"https:\/\/vecinosdelinterior.com\/index.php\/wp-json\/wp\/v2\/types\/post"}],"author":[{"embeddable":true,"href":"https:\/\/vecinosdelinterior.com\/index.php\/wp-json\/wp\/v2\/users\/1"}],"replies":[{"embeddable":true,"href":"https:\/\/vecinosdelinterior.com\/index.php\/wp-json\/wp\/v2\/comments?post=1800"}],"version-history":[{"count":4,"href":"https:\/\/vecinosdelinterior.com\/index.php\/wp-json\/wp\/v2\/posts\/1800\/revisions"}],"predecessor-version":[{"id":1806,"href":"https:\/\/vecinosdelinterior.com\/index.php\/wp-json\/wp\/v2\/posts\/1800\/revisions\/1806"}],"wp:featuredmedia":[{"embeddable":true,"href":"https:\/\/vecinosdelinterior.com\/index.php\/wp-json\/wp\/v2\/media\/1802"}],"wp:attachment":[{"href":"https:\/\/vecinosdelinterior.com\/index.php\/wp-json\/wp\/v2\/media?parent=1800"}],"wp:term":[{"taxonomy":"category","embeddable":true,"href":"https:\/\/vecinosdelinterior.com\/index.php\/wp-json\/wp\/v2\/categories?post=1800"},{"taxonomy":"post_tag","embeddable":true,"href":"https:\/\/vecinosdelinterior.com\/index.php\/wp-json\/wp\/v2\/tags?post=1800"}],"curies":[{"name":"wp","href":"https:\/\/api.w.org\/{rel}","templated":true}]}}