{"id":181,"date":"2023-07-27T19:09:46","date_gmt":"2023-07-27T22:09:46","guid":{"rendered":"https:\/\/vecinosdelinterior.com\/?p=181"},"modified":"2023-07-27T19:09:46","modified_gmt":"2023-07-27T22:09:46","slug":"la-quinta-fecha-del-rally-puntano-llega-este-fin-de-semana-a-villa-larca","status":"publish","type":"post","link":"https:\/\/vecinosdelinterior.com\/index.php\/2023\/07\/27\/la-quinta-fecha-del-rally-puntano-llega-este-fin-de-semana-a-villa-larca\/","title":{"rendered":"La quinta fecha del Rally Puntano llega este fin de semana a Villa Larca"},"content":{"rendered":"\n<p>Esta edici\u00f3n contar\u00e1 con 2 primes y 2 pruebas especiales. Ya son 68 los inscriptos. La largada simb\u00f3lica se realizar\u00e1 el viernes a las 20:00 en la plaza principal de la localidad.<\/p>\n\n\n\n<p>\u201cEn esta ocasi\u00f3n contaremos con 2 primes y 2 pruebas espaciales de 12,300 km y 21,800 km, respectivamente. La prueba especial de Balcarce tiene una ampliaci\u00f3n de 2,800 km y tiene un tramo bastante trabado al final con bajada al r\u00edo. Mientras que la prueba que va de la Ruta 6 hasta el Chorro de San Ignacio va a ser en un solo tramo, con un empalme con la Ruta 40 y luego vuelve a entrar a la altura de la academia\u201d, detall\u00f3 el responsable de San Luis a Fondo, Jorge Garc\u00eda Quiroga.<\/p>\n\n\n\n<figure class=\"wp-block-gallery has-nested-images columns-default is-cropped wp-block-gallery-1 is-layout-flex wp-block-gallery-is-layout-flex\">\n<figure class=\"wp-block-image size-large\"><img fetchpriority=\"high\" decoding=\"async\" width=\"720\" height=\"932\" data-id=\"182\" src=\"https:\/\/vecinosdelinterior.com\/wp-content\/uploads\/2023\/07\/WhatsApp-Image-2023-07-27-at-5.34.29-PM.jpeg\" alt=\"\" class=\"wp-image-182\" srcset=\"https:\/\/vecinosdelinterior.com\/wp-content\/uploads\/2023\/07\/WhatsApp-Image-2023-07-27-at-5.34.29-PM.jpeg 720w, https:\/\/vecinosdelinterior.com\/wp-content\/uploads\/2023\/07\/WhatsApp-Image-2023-07-27-at-5.34.29-PM-232x300.jpeg 232w\" sizes=\"(max-width: 720px) 100vw, 720px\" \/><\/figure>\n\n\n\n<figure class=\"wp-block-image size-large\"><img decoding=\"async\" width=\"720\" height=\"932\" data-id=\"183\" src=\"https:\/\/vecinosdelinterior.com\/wp-content\/uploads\/2023\/07\/WhatsApp-Image-2023-07-27-at-5.34.28-PM.jpeg\" alt=\"\" class=\"wp-image-183\" srcset=\"https:\/\/vecinosdelinterior.com\/wp-content\/uploads\/2023\/07\/WhatsApp-Image-2023-07-27-at-5.34.28-PM.jpeg 720w, https:\/\/vecinosdelinterior.com\/wp-content\/uploads\/2023\/07\/WhatsApp-Image-2023-07-27-at-5.34.28-PM-232x300.jpeg 232w\" sizes=\"(max-width: 720px) 100vw, 720px\" \/><\/figure>\n\n\n\n<figure class=\"wp-block-image size-large\"><img decoding=\"async\" width=\"1024\" height=\"566\" data-id=\"185\" src=\"https:\/\/vecinosdelinterior.com\/wp-content\/uploads\/2023\/07\/WhatsApp-Image-2023-07-27-at-5.14.40-PM-1-1024x566.jpeg\" alt=\"\" class=\"wp-image-185\" srcset=\"https:\/\/vecinosdelinterior.com\/wp-content\/uploads\/2023\/07\/WhatsApp-Image-2023-07-27-at-5.14.40-PM-1-1024x566.jpeg 1024w, https:\/\/vecinosdelinterior.com\/wp-content\/uploads\/2023\/07\/WhatsApp-Image-2023-07-27-at-5.14.40-PM-1-300x166.jpeg 300w, https:\/\/vecinosdelinterior.com\/wp-content\/uploads\/2023\/07\/WhatsApp-Image-2023-07-27-at-5.14.40-PM-1-768x424.jpeg 768w, https:\/\/vecinosdelinterior.com\/wp-content\/uploads\/2023\/07\/WhatsApp-Image-2023-07-27-at-5.14.40-PM-1.jpeg 1200w\" sizes=\"(max-width: 1024px) 100vw, 1024px\" \/><\/figure>\n\n\n\n<figure class=\"wp-block-image size-large\"><img loading=\"lazy\" decoding=\"async\" width=\"720\" height=\"509\" data-id=\"184\" src=\"https:\/\/vecinosdelinterior.com\/wp-content\/uploads\/2023\/07\/WhatsApp-Image-2023-07-27-at-5.34.27-PM.jpeg\" alt=\"\" class=\"wp-image-184\" srcset=\"https:\/\/vecinosdelinterior.com\/wp-content\/uploads\/2023\/07\/WhatsApp-Image-2023-07-27-at-5.34.27-PM.jpeg 720w, https:\/\/vecinosdelinterior.com\/wp-content\/uploads\/2023\/07\/WhatsApp-Image-2023-07-27-at-5.34.27-PM-300x212.jpeg 300w\" sizes=\"(max-width: 720px) 100vw, 720px\" \/><\/figure>\n<\/figure>\n\n\n\n<p>La primera prueba especial comenzar\u00e1 el viernes a las 16:00, el s\u00e1bado la prueba comienza a las 10:48 y el domingo a las 8:30.<\/p>\n\n\n\n<p>\u201cHasta el momento son 68 los inscriptos y estimamos que superar\u00e1n los 73. Tenemos todo listo y los esperamos para disfrutar de esta fiesta del automovilismo\u201d, indic\u00f3 el presidente de la Federaci\u00f3n Regional de Automovilismo Deportivo San Luis, Federico Gil .<\/p>\n\n\n\n<p>\u201cInvitamos a todos a que se acerquen a disfrutar del espect\u00e1culo. Trabajamos mano a mano con el Gobierno provincial y la Federaci\u00f3n para dejar todo en condiciones y brindar un show que beneficie, adem\u00e1s, en materia tur\u00edstica a la localidad\u201d, indic\u00f3 el intendente de Villa Larca, Marcelo Vilchez.<\/p>\n","protected":false},"excerpt":{"rendered":"<p>Esta edici\u00f3n contar\u00e1 con 2 primes y 2 pruebas especiales. Ya son 68 los inscriptos. La largada simb\u00f3lica se realizar\u00e1 el viernes a las 20:00 en la plaza principal de la localidad. \u201cEn esta ocasi\u00f3n contaremos con 2 primes y 2 pruebas espaciales de 12,300 km y 21,800 km, respectivamente. La prueba especial de Balcarce [&hellip;]<\/p>\n","protected":false},"author":1,"featured_media":184,"comment_status":"open","ping_status":"open","sticky":false,"template":"","format":"standard","meta":{"footnotes":""},"categories":[29,89],"tags":[90],"class_list":["post-181","post","type-post","status-publish","format-standard","has-post-thumbnail","hentry","category-chacabuco","category-villa-larca","tag-rally-provincial"],"_links":{"self":[{"href":"https:\/\/vecinosdelinterior.com\/index.php\/wp-json\/wp\/v2\/posts\/181","targetHints":{"allow":["GET"]}}],"collection":[{"href":"https:\/\/vecinosdelinterior.com\/index.php\/wp-json\/wp\/v2\/posts"}],"about":[{"href":"https:\/\/vecinosdelinterior.com\/index.php\/wp-json\/wp\/v2\/types\/post"}],"author":[{"embeddable":true,"href":"https:\/\/vecinosdelinterior.com\/index.php\/wp-json\/wp\/v2\/users\/1"}],"replies":[{"embeddable":true,"href":"https:\/\/vecinosdelinterior.com\/index.php\/wp-json\/wp\/v2\/comments?post=181"}],"version-history":[{"count":1,"href":"https:\/\/vecinosdelinterior.com\/index.php\/wp-json\/wp\/v2\/posts\/181\/revisions"}],"predecessor-version":[{"id":186,"href":"https:\/\/vecinosdelinterior.com\/index.php\/wp-json\/wp\/v2\/posts\/181\/revisions\/186"}],"wp:featuredmedia":[{"embeddable":true,"href":"https:\/\/vecinosdelinterior.com\/index.php\/wp-json\/wp\/v2\/media\/184"}],"wp:attachment":[{"href":"https:\/\/vecinosdelinterior.com\/index.php\/wp-json\/wp\/v2\/media?parent=181"}],"wp:term":[{"taxonomy":"category","embeddable":true,"href":"https:\/\/vecinosdelinterior.com\/index.php\/wp-json\/wp\/v2\/categories?post=181"},{"taxonomy":"post_tag","embeddable":true,"href":"https:\/\/vecinosdelinterior.com\/index.php\/wp-json\/wp\/v2\/tags?post=181"}],"curies":[{"name":"wp","href":"https:\/\/api.w.org\/{rel}","templated":true}]}}