{"id":1810,"date":"2024-03-29T11:42:44","date_gmt":"2024-03-29T14:42:44","guid":{"rendered":"https:\/\/vecinosdelinterior.com\/?p=1810"},"modified":"2024-03-29T11:42:45","modified_gmt":"2024-03-29T14:42:45","slug":"la-carolina-ofrece-dos-talleres-literarios-durante-el-fin-de-semana-largo","status":"publish","type":"post","link":"https:\/\/vecinosdelinterior.com\/index.php\/2024\/03\/29\/la-carolina-ofrece-dos-talleres-literarios-durante-el-fin-de-semana-largo\/","title":{"rendered":"La Carolina ofrece dos talleres literarios durante el fin de semana largo"},"content":{"rendered":"\n<p>El viernes, en el Museo de la Poes\u00eda, Ayel\u00e9n Vallejos Lucero dictar\u00e1 \u201cLa poes\u00eda en mi cuerpo\u201d. El s\u00e1bado, en la Iglesia Nuestra Se\u00f1ora del Carmen, Laura Sfredo y Beatriz Araguna dirigir\u00e1n \u201cLa creaci\u00f3n divina: naturaleza y poes\u00eda\u201d.<\/p>\n\n\n\n<p>Como una de las tantas ofertas recreativas para el fin de semana XXL, La Carolina ofrecer\u00e1 dos talleres literarios: el viernes, en el Museo de la Poes\u00eda, la profesora Ayel\u00e9n Vallejos Lucero dictar\u00e1 \u201cLa poes\u00eda en mi cuerpo\u201d; el s\u00e1bado, las profesoras Laura Sfredo y Beatriz Araguna dirigir\u00e1n \u201cLa creaci\u00f3n divina: naturaleza y poes\u00eda\u201d en la Iglesia Nuestra Se\u00f1ora del Carmen.<\/p>\n\n\n\n<p>La primera consigna busca generar un enlace singular entre los encantos naturales del pueblo minero. \u201cEste taller nace de una necesidad personal y sociocultural actual. El objetivo es integrar la salud mediante el arte y el v\u00ednculo con la naturaleza para atraer al turismo local y regional\u201d, indic\u00f3 Vallejos Lucero.<\/p>\n\n\n\n<p>\u201cSiento una conexi\u00f3n muy fuerte con esta localidad, y hasta ancestral podr\u00eda decir, porque creo que es un entorno estrat\u00e9gicamente m\u00e1gico para estas actividades creativas. En el taller abordaremos la escritura como una herramienta terap\u00e9utica que nos enfoca en el presente. La idea es explorar las propias sensaciones del cuerpo para plasmarlas luego en un poema. Tomamos algunas ideas de biomec\u00e1nica aplicada al movimiento que se\u00f1ala que las dolencias del cuerpo tienen un ra\u00edz corporal\u201d, detall\u00f3 la autora, que integra la revista cultural El Viento.<\/p>\n\n\n\n<p>A m\u00e1s de ochenta kil\u00f3metros de la capital puntana, las actividades est\u00e1n previstas para viernes y s\u00e1bado de 15:00 a 17:00 con un cupo m\u00ednimo de cinco personas y un m\u00e1ximo de quince. El costo es de tres mil pesos. Para m\u00e1s informaci\u00f3n comunicarse al 2664200295.<\/p>\n\n\n\n<p>Luego, durante Pascuas, Sfredo y Araguna, tambi\u00e9n de 15:00 a 17:00, propondr\u00e1n un formato de introspecci\u00f3n guiada y lecturas compartidas frente a la pintoresca iglesia local.<\/p>\n\n\n\n<p>\u201cSeleccionamos haikus japoneses para reflexionar c\u00f3mo esta forma de expresi\u00f3n logra transmitir, por ejemplo, la belleza de las estaciones o la fugacidad del tiempo\u201d, indic\u00f3 Araguna.<\/p>\n\n\n\n<p>Tambi\u00e9n con \u00e9nfasis en la espiritualidad, se presentar\u00e1n herramientas ling\u00fc\u00edsticas e hist\u00f3ricas a fin de desarrollar no s\u00f3lo una compresi\u00f3n de textos sagrados, sino tambi\u00e9n para habilitar el goce est\u00e9tico. Por m\u00e1s detalles se puede consultar al 2664027925.<\/p>\n","protected":false},"excerpt":{"rendered":"<p>El viernes, en el Museo de la Poes\u00eda, Ayel\u00e9n Vallejos Lucero dictar\u00e1 \u201cLa poes\u00eda en mi cuerpo\u201d. El s\u00e1bado, en la Iglesia Nuestra Se\u00f1ora del Carmen, Laura Sfredo y Beatriz Araguna dirigir\u00e1n \u201cLa creaci\u00f3n divina: naturaleza y poes\u00eda\u201d. Como una de las tantas ofertas recreativas para el fin de semana XXL, La Carolina ofrecer\u00e1 dos [&hellip;]<\/p>\n","protected":false},"author":1,"featured_media":1811,"comment_status":"open","ping_status":"open","sticky":false,"template":"","format":"standard","meta":{"footnotes":""},"categories":[112,2],"tags":[55],"class_list":["post-1810","post","type-post","status-publish","format-standard","has-post-thumbnail","hentry","category-la-carolina","category-pringles","tag-talleres"],"_links":{"self":[{"href":"https:\/\/vecinosdelinterior.com\/index.php\/wp-json\/wp\/v2\/posts\/1810","targetHints":{"allow":["GET"]}}],"collection":[{"href":"https:\/\/vecinosdelinterior.com\/index.php\/wp-json\/wp\/v2\/posts"}],"about":[{"href":"https:\/\/vecinosdelinterior.com\/index.php\/wp-json\/wp\/v2\/types\/post"}],"author":[{"embeddable":true,"href":"https:\/\/vecinosdelinterior.com\/index.php\/wp-json\/wp\/v2\/users\/1"}],"replies":[{"embeddable":true,"href":"https:\/\/vecinosdelinterior.com\/index.php\/wp-json\/wp\/v2\/comments?post=1810"}],"version-history":[{"count":1,"href":"https:\/\/vecinosdelinterior.com\/index.php\/wp-json\/wp\/v2\/posts\/1810\/revisions"}],"predecessor-version":[{"id":1812,"href":"https:\/\/vecinosdelinterior.com\/index.php\/wp-json\/wp\/v2\/posts\/1810\/revisions\/1812"}],"wp:featuredmedia":[{"embeddable":true,"href":"https:\/\/vecinosdelinterior.com\/index.php\/wp-json\/wp\/v2\/media\/1811"}],"wp:attachment":[{"href":"https:\/\/vecinosdelinterior.com\/index.php\/wp-json\/wp\/v2\/media?parent=1810"}],"wp:term":[{"taxonomy":"category","embeddable":true,"href":"https:\/\/vecinosdelinterior.com\/index.php\/wp-json\/wp\/v2\/categories?post=1810"},{"taxonomy":"post_tag","embeddable":true,"href":"https:\/\/vecinosdelinterior.com\/index.php\/wp-json\/wp\/v2\/tags?post=1810"}],"curies":[{"name":"wp","href":"https:\/\/api.w.org\/{rel}","templated":true}]}}