{"id":1838,"date":"2024-04-02T11:28:09","date_gmt":"2024-04-02T14:28:09","guid":{"rendered":"https:\/\/vecinosdelinterior.com\/?p=1838"},"modified":"2024-04-02T11:28:10","modified_gmt":"2024-04-02T14:28:10","slug":"villa-de-merlo-un-hombre-de-nacionalidad-inglesa-fue-demorado-con-droga","status":"publish","type":"post","link":"https:\/\/vecinosdelinterior.com\/index.php\/2024\/04\/02\/villa-de-merlo-un-hombre-de-nacionalidad-inglesa-fue-demorado-con-droga\/","title":{"rendered":"Villa de Merlo: un hombre de nacionalidad inglesa fue demorado con droga"},"content":{"rendered":"\n<p>Efectivos de la Divisi\u00f3n Lucha Contra el Narcotr\u00e1fico y del Comando Radioel\u00e9ctrico aprehendieron este fin de semana a un hombre de 26 a\u00f1os de nacionalidad inglesa, con marihuana.<\/p>\n\n\n\n<p>El procedimiento se efectu\u00f3 en inmediaciones de ruta N\u00b0 5 y avenida de los Cesares, en la Villa de Merlo. All\u00ed, los uniformados demoraron al hombre, oriundo de la provincia de Buenos Aires.<\/p>\n\n\n\n<p>En la requisa, le secuestraron una bolsa de nylon con florescencias de marihuana, de acuerdo a lo informado por Relaciones Policiales.<\/p>\n\n\n\n<p>El hombre quedo aprehendido y tomo intervenci\u00f3n el Juzgado Federal de Villa Mercedes.<\/p>\n\n\n\n<p><\/p>\n\n\n\n<figure class=\"wp-block-image size-large\"><img fetchpriority=\"high\" decoding=\"async\" width=\"1024\" height=\"580\" src=\"https:\/\/vecinosdelinterior.com\/wp-content\/uploads\/2024\/04\/2-4-2024-11-26-19-1024x580.jpg\" alt=\"\" class=\"wp-image-1839\" srcset=\"https:\/\/vecinosdelinterior.com\/wp-content\/uploads\/2024\/04\/2-4-2024-11-26-19-1024x580.jpg 1024w, https:\/\/vecinosdelinterior.com\/wp-content\/uploads\/2024\/04\/2-4-2024-11-26-19-300x170.jpg 300w, https:\/\/vecinosdelinterior.com\/wp-content\/uploads\/2024\/04\/2-4-2024-11-26-19-768x435.jpg 768w, https:\/\/vecinosdelinterior.com\/wp-content\/uploads\/2024\/04\/2-4-2024-11-26-19-750x425.jpg 750w, https:\/\/vecinosdelinterior.com\/wp-content\/uploads\/2024\/04\/2-4-2024-11-26-19-1140x645.jpg 1140w, https:\/\/vecinosdelinterior.com\/wp-content\/uploads\/2024\/04\/2-4-2024-11-26-19.jpg 1166w\" sizes=\"(max-width: 1024px) 100vw, 1024px\" \/><\/figure>\n","protected":false},"excerpt":{"rendered":"<p>Efectivos de la Divisi\u00f3n Lucha Contra el Narcotr\u00e1fico y del Comando Radioel\u00e9ctrico aprehendieron este fin de semana a un hombre de 26 a\u00f1os de nacionalidad inglesa, con marihuana. El procedimiento se efectu\u00f3 en inmediaciones de ruta N\u00b0 5 y avenida de los Cesares, en la Villa de Merlo. All\u00ed, los uniformados demoraron al hombre, oriundo [&hellip;]<\/p>\n","protected":false},"author":1,"featured_media":1839,"comment_status":"open","ping_status":"open","sticky":false,"template":"","format":"standard","meta":{"footnotes":""},"categories":[23,73],"tags":[],"class_list":["post-1838","post","type-post","status-publish","format-standard","has-post-thumbnail","hentry","category-junin","category-merlo"],"_links":{"self":[{"href":"https:\/\/vecinosdelinterior.com\/index.php\/wp-json\/wp\/v2\/posts\/1838","targetHints":{"allow":["GET"]}}],"collection":[{"href":"https:\/\/vecinosdelinterior.com\/index.php\/wp-json\/wp\/v2\/posts"}],"about":[{"href":"https:\/\/vecinosdelinterior.com\/index.php\/wp-json\/wp\/v2\/types\/post"}],"author":[{"embeddable":true,"href":"https:\/\/vecinosdelinterior.com\/index.php\/wp-json\/wp\/v2\/users\/1"}],"replies":[{"embeddable":true,"href":"https:\/\/vecinosdelinterior.com\/index.php\/wp-json\/wp\/v2\/comments?post=1838"}],"version-history":[{"count":1,"href":"https:\/\/vecinosdelinterior.com\/index.php\/wp-json\/wp\/v2\/posts\/1838\/revisions"}],"predecessor-version":[{"id":1840,"href":"https:\/\/vecinosdelinterior.com\/index.php\/wp-json\/wp\/v2\/posts\/1838\/revisions\/1840"}],"wp:featuredmedia":[{"embeddable":true,"href":"https:\/\/vecinosdelinterior.com\/index.php\/wp-json\/wp\/v2\/media\/1839"}],"wp:attachment":[{"href":"https:\/\/vecinosdelinterior.com\/index.php\/wp-json\/wp\/v2\/media?parent=1838"}],"wp:term":[{"taxonomy":"category","embeddable":true,"href":"https:\/\/vecinosdelinterior.com\/index.php\/wp-json\/wp\/v2\/categories?post=1838"},{"taxonomy":"post_tag","embeddable":true,"href":"https:\/\/vecinosdelinterior.com\/index.php\/wp-json\/wp\/v2\/tags?post=1838"}],"curies":[{"name":"wp","href":"https:\/\/api.w.org\/{rel}","templated":true}]}}