{"id":1848,"date":"2024-04-02T23:12:31","date_gmt":"2024-04-03T02:12:31","guid":{"rendered":"https:\/\/vecinosdelinterior.com\/?p=1848"},"modified":"2024-04-02T23:12:31","modified_gmt":"2024-04-03T02:12:31","slug":"investigan-las-circunstancias-de-un-accidente-vial-en-la-ruta-provincial-n-40","status":"publish","type":"post","link":"https:\/\/vecinosdelinterior.com\/index.php\/2024\/04\/02\/investigan-las-circunstancias-de-un-accidente-vial-en-la-ruta-provincial-n-40\/","title":{"rendered":"Investigan las circunstancias de un accidente vial en la ruta provincial N\u00b0 40"},"content":{"rendered":"\n<p><\/p>\n\n\n\n<p>Personal policial de la Comisar\u00eda Distrito 23\u00b0 de Tilisarao investiga las causas de un accidente que se produjo este martes por la tarde en la ruta provincial N\u00b0 40, entre las localidades de Tilisarao y Renca. En el hecho, ocurrido a la altura de la rotonda del paraje La Aspereza, estuvieron involucrados un auto Peugeot 208 (el cual tiraba un carro) y una camioneta Chevrolet S10.<\/p>\n\n\n\n<figure class=\"wp-block-gallery has-nested-images columns-default is-cropped wp-block-gallery-1 is-layout-flex wp-block-gallery-is-layout-flex\">\n<figure class=\"wp-block-image size-large\"><img fetchpriority=\"high\" decoding=\"async\" width=\"1024\" height=\"712\" data-id=\"1849\" src=\"https:\/\/vecinosdelinterior.com\/wp-content\/uploads\/2024\/04\/434957507_277859208698106_2758105351777574800_n-1024x712.jpg\" alt=\"\" class=\"wp-image-1849\" srcset=\"https:\/\/vecinosdelinterior.com\/wp-content\/uploads\/2024\/04\/434957507_277859208698106_2758105351777574800_n-1024x712.jpg 1024w, https:\/\/vecinosdelinterior.com\/wp-content\/uploads\/2024\/04\/434957507_277859208698106_2758105351777574800_n-300x209.jpg 300w, https:\/\/vecinosdelinterior.com\/wp-content\/uploads\/2024\/04\/434957507_277859208698106_2758105351777574800_n-768x534.jpg 768w, https:\/\/vecinosdelinterior.com\/wp-content\/uploads\/2024\/04\/434957507_277859208698106_2758105351777574800_n-750x522.jpg 750w, https:\/\/vecinosdelinterior.com\/wp-content\/uploads\/2024\/04\/434957507_277859208698106_2758105351777574800_n.jpg 1035w\" sizes=\"(max-width: 1024px) 100vw, 1024px\" \/><\/figure>\n\n\n\n<figure class=\"wp-block-image size-large\"><img decoding=\"async\" width=\"1024\" height=\"635\" data-id=\"1850\" src=\"https:\/\/vecinosdelinterior.com\/wp-content\/uploads\/2024\/04\/434930836_277859515364742_9134845935088586107_n-1024x635.jpg\" alt=\"\" class=\"wp-image-1850\" srcset=\"https:\/\/vecinosdelinterior.com\/wp-content\/uploads\/2024\/04\/434930836_277859515364742_9134845935088586107_n-1024x635.jpg 1024w, https:\/\/vecinosdelinterior.com\/wp-content\/uploads\/2024\/04\/434930836_277859515364742_9134845935088586107_n-300x186.jpg 300w, https:\/\/vecinosdelinterior.com\/wp-content\/uploads\/2024\/04\/434930836_277859515364742_9134845935088586107_n-768x476.jpg 768w, https:\/\/vecinosdelinterior.com\/wp-content\/uploads\/2024\/04\/434930836_277859515364742_9134845935088586107_n-750x465.jpg 750w, https:\/\/vecinosdelinterior.com\/wp-content\/uploads\/2024\/04\/434930836_277859515364742_9134845935088586107_n-1140x707.jpg 1140w, https:\/\/vecinosdelinterior.com\/wp-content\/uploads\/2024\/04\/434930836_277859515364742_9134845935088586107_n.jpg 1161w\" sizes=\"(max-width: 1024px) 100vw, 1024px\" \/><\/figure>\n<\/figure>\n\n\n\n<p>El auto era conducido por un hombre de 31 a\u00f1os de edad, e iba acompa\u00f1ado por otro hombre de 63 a\u00f1os y dos menores (ambos de 14 a\u00f1os), todos oriundos de Concar\u00e1n.<\/p>\n\n\n\n<p>La camioneta, en tanto, era conducida por un hombre con domicilio en Tilisarao.<\/p>\n\n\n\n<p>Todas las personas fueron trasladadas por personal de salud hacia el hospital de Tilisarao, donde se les brind\u00f3 la atenci\u00f3n m\u00e9dica correspondiente.<\/p>\n\n\n\n<p>De acuerdo a lo informado, presentaban lesiones leves y fueron dados de alta durante la noche de este martes.<\/p>\n\n\n\n<p>Tom\u00f3 intervenci\u00f3n la fiscal de Instrucci\u00f3n de turno de la Tercera Circunscripci\u00f3n Judicial, Dra. Adriana Cangelosi.<\/p>\n\n\n\n<p>En el lugar trabajaron personal policial de diferentes dependencias, personal de salud y bomberos voluntarios de Renca y de Tilisarao<\/p>\n","protected":false},"excerpt":{"rendered":"<p>Personal policial de la Comisar\u00eda Distrito 23\u00b0 de Tilisarao investiga las causas de un accidente que se produjo este martes por la tarde en la ruta provincial N\u00b0 40, entre las localidades de Tilisarao y Renca. En el hecho, ocurrido a la altura de la rotonda del paraje La Aspereza, estuvieron involucrados un auto Peugeot [&hellip;]<\/p>\n","protected":false},"author":1,"featured_media":1849,"comment_status":"open","ping_status":"open","sticky":false,"template":"","format":"standard","meta":{"footnotes":""},"categories":[1],"tags":[],"class_list":["post-1848","post","type-post","status-publish","format-standard","has-post-thumbnail","hentry","category-blog"],"_links":{"self":[{"href":"https:\/\/vecinosdelinterior.com\/index.php\/wp-json\/wp\/v2\/posts\/1848","targetHints":{"allow":["GET"]}}],"collection":[{"href":"https:\/\/vecinosdelinterior.com\/index.php\/wp-json\/wp\/v2\/posts"}],"about":[{"href":"https:\/\/vecinosdelinterior.com\/index.php\/wp-json\/wp\/v2\/types\/post"}],"author":[{"embeddable":true,"href":"https:\/\/vecinosdelinterior.com\/index.php\/wp-json\/wp\/v2\/users\/1"}],"replies":[{"embeddable":true,"href":"https:\/\/vecinosdelinterior.com\/index.php\/wp-json\/wp\/v2\/comments?post=1848"}],"version-history":[{"count":1,"href":"https:\/\/vecinosdelinterior.com\/index.php\/wp-json\/wp\/v2\/posts\/1848\/revisions"}],"predecessor-version":[{"id":1851,"href":"https:\/\/vecinosdelinterior.com\/index.php\/wp-json\/wp\/v2\/posts\/1848\/revisions\/1851"}],"wp:featuredmedia":[{"embeddable":true,"href":"https:\/\/vecinosdelinterior.com\/index.php\/wp-json\/wp\/v2\/media\/1849"}],"wp:attachment":[{"href":"https:\/\/vecinosdelinterior.com\/index.php\/wp-json\/wp\/v2\/media?parent=1848"}],"wp:term":[{"taxonomy":"category","embeddable":true,"href":"https:\/\/vecinosdelinterior.com\/index.php\/wp-json\/wp\/v2\/categories?post=1848"},{"taxonomy":"post_tag","embeddable":true,"href":"https:\/\/vecinosdelinterior.com\/index.php\/wp-json\/wp\/v2\/tags?post=1848"}],"curies":[{"name":"wp","href":"https:\/\/api.w.org\/{rel}","templated":true}]}}