{"id":1856,"date":"2024-04-03T14:29:21","date_gmt":"2024-04-03T17:29:21","guid":{"rendered":"https:\/\/vecinosdelinterior.com\/?p=1856"},"modified":"2024-04-03T14:29:21","modified_gmt":"2024-04-03T17:29:21","slug":"la-reserva-floro-faunistica-se-sumo-a-un-circuito-de-cicloturismo","status":"publish","type":"post","link":"https:\/\/vecinosdelinterior.com\/index.php\/2024\/04\/03\/la-reserva-floro-faunistica-se-sumo-a-un-circuito-de-cicloturismo\/","title":{"rendered":"La Reserva Floro Faun\u00edstica se sum\u00f3 a un circuito de cicloturismo"},"content":{"rendered":"\n<p>En articulaci\u00f3n con el Gobierno provincial, el emprendimiento \u201cSololosta Bici Excursiones\u201d incluy\u00f3 al espacio en La Florida como unas de sus paradas para la oferta que brinda en la zona serrana.<\/p>\n\n\n\n<p>El Gobierno provincial apunta a fortalecer al sector privado como una pol\u00edtica central para generar empleo y recomponer el tejido social. Uno de sus principales anhelos es justamente la vinculaci\u00f3n entre el sector privado y el p\u00fablico, siendo un ejemplo de ello la reciente articulaci\u00f3n entre el emprendimiento \u201cSololosta Bici Excursiones\u201d y la secretar\u00eda de Ambiente y Desarrollo Sustentable. La empresa, dedicada al cicloturismo, incluy\u00f3 a la Reserva Floro Faun\u00edstica de La Florida como una de sus paradas para la oferta que brinda en la zona serrana. Durante el fin de semana extra largo, cientos de turistas y puntanos disfrutaron de charlas sobre la vida de los animales silvestres rescatados y observaron a los pumas, llamas y c\u00f3ndores que habitan el medio.<\/p>\n\n\n\n<p>\u201cEste importante paso que vincula el sector privado y el p\u00fablico permite ampliar las posibilidades para que m\u00e1s personas puedan conocer los paisajes de San Luis, y especialmente se interioricen sobre el arduo trabajo que realizamos en materia de conservaci\u00f3n de la fauna silvestre, donde recuperamos y rehabilitamos a cientos de animales de la fauna aut\u00f3ctona\u201d, explic\u00f3 Giuliana Torti, subdirectora de Parques Provinciales y \u00c1reas Naturales Protegidas.<\/p>\n\n\n\n<p>La propuesta de \u201cSololosta Bici Excursiones\u201d combina el turismo verde y el deporte con un recorrido que inicia en la localidad El Trapiche y que visita diferentes espacios de ese corredor serrano, con la nueva opci\u00f3n de visitar la reserva.<\/p>\n","protected":false},"excerpt":{"rendered":"<p>En articulaci\u00f3n con el Gobierno provincial, el emprendimiento \u201cSololosta Bici Excursiones\u201d incluy\u00f3 al espacio en La Florida como unas de sus paradas para la oferta que brinda en la zona serrana. El Gobierno provincial apunta a fortalecer al sector privado como una pol\u00edtica central para generar empleo y recomponer el tejido social. Uno de sus [&hellip;]<\/p>\n","protected":false},"author":1,"featured_media":1857,"comment_status":"open","ping_status":"open","sticky":false,"template":"","format":"standard","meta":{"footnotes":""},"categories":[2],"tags":[397],"class_list":["post-1856","post","type-post","status-publish","format-standard","has-post-thumbnail","hentry","category-pringles","tag-reserva-floro-faunistica"],"_links":{"self":[{"href":"https:\/\/vecinosdelinterior.com\/index.php\/wp-json\/wp\/v2\/posts\/1856","targetHints":{"allow":["GET"]}}],"collection":[{"href":"https:\/\/vecinosdelinterior.com\/index.php\/wp-json\/wp\/v2\/posts"}],"about":[{"href":"https:\/\/vecinosdelinterior.com\/index.php\/wp-json\/wp\/v2\/types\/post"}],"author":[{"embeddable":true,"href":"https:\/\/vecinosdelinterior.com\/index.php\/wp-json\/wp\/v2\/users\/1"}],"replies":[{"embeddable":true,"href":"https:\/\/vecinosdelinterior.com\/index.php\/wp-json\/wp\/v2\/comments?post=1856"}],"version-history":[{"count":1,"href":"https:\/\/vecinosdelinterior.com\/index.php\/wp-json\/wp\/v2\/posts\/1856\/revisions"}],"predecessor-version":[{"id":1858,"href":"https:\/\/vecinosdelinterior.com\/index.php\/wp-json\/wp\/v2\/posts\/1856\/revisions\/1858"}],"wp:featuredmedia":[{"embeddable":true,"href":"https:\/\/vecinosdelinterior.com\/index.php\/wp-json\/wp\/v2\/media\/1857"}],"wp:attachment":[{"href":"https:\/\/vecinosdelinterior.com\/index.php\/wp-json\/wp\/v2\/media?parent=1856"}],"wp:term":[{"taxonomy":"category","embeddable":true,"href":"https:\/\/vecinosdelinterior.com\/index.php\/wp-json\/wp\/v2\/categories?post=1856"},{"taxonomy":"post_tag","embeddable":true,"href":"https:\/\/vecinosdelinterior.com\/index.php\/wp-json\/wp\/v2\/tags?post=1856"}],"curies":[{"name":"wp","href":"https:\/\/api.w.org\/{rel}","templated":true}]}}