{"id":1884,"date":"2024-04-05T10:46:39","date_gmt":"2024-04-05T13:46:39","guid":{"rendered":"https:\/\/vecinosdelinterior.com\/?p=1884"},"modified":"2024-04-05T10:46:39","modified_gmt":"2024-04-05T13:46:39","slug":"la-municipalidad-de-anchorena-se-hizo-cargo-de-la-terminal-de-omnibus","status":"publish","type":"post","link":"https:\/\/vecinosdelinterior.com\/index.php\/2024\/04\/05\/la-municipalidad-de-anchorena-se-hizo-cargo-de-la-terminal-de-omnibus\/","title":{"rendered":"La municipalidad de Anchorena se hizo cargo de la terminal de \u00f3mnibus"},"content":{"rendered":"\n<p>El acuerdo lleva la firma de las autoridades de la secretar\u00eda de Transporte y el Municipio, que asumir\u00e1 la gesti\u00f3n de la estaci\u00f3n, incluyendo el mantenimiento de las instalaciones y los servicios necesarios, adem\u00e1s de la atenci\u00f3n al p\u00fablico.<\/p>\n\n\n\n<p>El secretario de Transporte, V\u00edctor Cianchino, y el intendente de Anchorena, H\u00e9ctor Baigorria, formalizaron la cesi\u00f3n en comodato de la terminal de \u00f3mnibus de la localidad. Con este acuerdo, la Secretar\u00eda y la Municipalidad buscan impulsar el desarrollo econ\u00f3mico, tur\u00edstico y productivo de Anchorena.<\/p>\n\n\n\n<p>El intendente Baigorria resalt\u00f3 la importancia de este acto para el progreso y bienestar de la comunidad, y destac\u00f3 la oportunidad de fortalecer la infraestructura urbana y mejorar los servicios para los habitantes y visitantes. \u201cLa Municipalidad asumir\u00e1 la responsabilidad de la gesti\u00f3n de la terminal, incluyendo el mantenimiento de las instalaciones y los servicios necesarios en el edificio y la atenci\u00f3n al p\u00fablico\u201d, detall\u00f3.<\/p>\n\n\n\n<p>Por su parte, el secretario Cianchino expres\u00f3 su confianza en la capacidad de la Municipalidad para gestionar eficazmente el edificio, de modo de facilitar el acceso al servicio de transporte p\u00fablico y garantizar la conectividad e integraci\u00f3n territorial con las localidades vecinas del departamento Dupuy.<\/p>\n\n\n\n<figure class=\"wp-block-image size-large\"><img fetchpriority=\"high\" decoding=\"async\" width=\"1024\" height=\"768\" src=\"https:\/\/vecinosdelinterior.com\/wp-content\/uploads\/2024\/04\/WhatsApp-Image-2024-04-04-at-1.40.08-PM-1-1024x768.jpeg\" alt=\"\" class=\"wp-image-1885\" srcset=\"https:\/\/vecinosdelinterior.com\/wp-content\/uploads\/2024\/04\/WhatsApp-Image-2024-04-04-at-1.40.08-PM-1-1024x768.jpeg 1024w, https:\/\/vecinosdelinterior.com\/wp-content\/uploads\/2024\/04\/WhatsApp-Image-2024-04-04-at-1.40.08-PM-1-300x225.jpeg 300w, https:\/\/vecinosdelinterior.com\/wp-content\/uploads\/2024\/04\/WhatsApp-Image-2024-04-04-at-1.40.08-PM-1-768x576.jpeg 768w, https:\/\/vecinosdelinterior.com\/wp-content\/uploads\/2024\/04\/WhatsApp-Image-2024-04-04-at-1.40.08-PM-1-750x563.jpeg 750w, https:\/\/vecinosdelinterior.com\/wp-content\/uploads\/2024\/04\/WhatsApp-Image-2024-04-04-at-1.40.08-PM-1-1140x855.jpeg 1140w, https:\/\/vecinosdelinterior.com\/wp-content\/uploads\/2024\/04\/WhatsApp-Image-2024-04-04-at-1.40.08-PM-1.jpeg 1156w\" sizes=\"(max-width: 1024px) 100vw, 1024px\" \/><\/figure>\n","protected":false},"excerpt":{"rendered":"<p>El acuerdo lleva la firma de las autoridades de la secretar\u00eda de Transporte y el Municipio, que asumir\u00e1 la gesti\u00f3n de la estaci\u00f3n, incluyendo el mantenimiento de las instalaciones y los servicios necesarios, adem\u00e1s de la atenci\u00f3n al p\u00fablico. El secretario de Transporte, V\u00edctor Cianchino, y el intendente de Anchorena, H\u00e9ctor Baigorria, formalizaron la cesi\u00f3n [&hellip;]<\/p>\n","protected":false},"author":1,"featured_media":1885,"comment_status":"open","ping_status":"open","sticky":false,"template":"","format":"standard","meta":{"footnotes":""},"categories":[1],"tags":[246],"class_list":["post-1884","post","type-post","status-publish","format-standard","has-post-thumbnail","hentry","category-blog","tag-anchorena"],"_links":{"self":[{"href":"https:\/\/vecinosdelinterior.com\/index.php\/wp-json\/wp\/v2\/posts\/1884","targetHints":{"allow":["GET"]}}],"collection":[{"href":"https:\/\/vecinosdelinterior.com\/index.php\/wp-json\/wp\/v2\/posts"}],"about":[{"href":"https:\/\/vecinosdelinterior.com\/index.php\/wp-json\/wp\/v2\/types\/post"}],"author":[{"embeddable":true,"href":"https:\/\/vecinosdelinterior.com\/index.php\/wp-json\/wp\/v2\/users\/1"}],"replies":[{"embeddable":true,"href":"https:\/\/vecinosdelinterior.com\/index.php\/wp-json\/wp\/v2\/comments?post=1884"}],"version-history":[{"count":1,"href":"https:\/\/vecinosdelinterior.com\/index.php\/wp-json\/wp\/v2\/posts\/1884\/revisions"}],"predecessor-version":[{"id":1886,"href":"https:\/\/vecinosdelinterior.com\/index.php\/wp-json\/wp\/v2\/posts\/1884\/revisions\/1886"}],"wp:featuredmedia":[{"embeddable":true,"href":"https:\/\/vecinosdelinterior.com\/index.php\/wp-json\/wp\/v2\/media\/1885"}],"wp:attachment":[{"href":"https:\/\/vecinosdelinterior.com\/index.php\/wp-json\/wp\/v2\/media?parent=1884"}],"wp:term":[{"taxonomy":"category","embeddable":true,"href":"https:\/\/vecinosdelinterior.com\/index.php\/wp-json\/wp\/v2\/categories?post=1884"},{"taxonomy":"post_tag","embeddable":true,"href":"https:\/\/vecinosdelinterior.com\/index.php\/wp-json\/wp\/v2\/tags?post=1884"}],"curies":[{"name":"wp","href":"https:\/\/api.w.org\/{rel}","templated":true}]}}