{"id":1891,"date":"2024-04-05T21:21:33","date_gmt":"2024-04-06T00:21:33","guid":{"rendered":"https:\/\/vecinosdelinterior.com\/?p=1891"},"modified":"2024-04-05T21:22:00","modified_gmt":"2024-04-06T00:22:00","slug":"homicidio-en-beazley-para-la-fiscalia-el-adolescente-de-17-anos-fue-el-autor-de-la-punalada-mortal","status":"publish","type":"post","link":"https:\/\/vecinosdelinterior.com\/index.php\/2024\/04\/05\/homicidio-en-beazley-para-la-fiscalia-el-adolescente-de-17-anos-fue-el-autor-de-la-punalada-mortal\/","title":{"rendered":"Homicidio en Beazley: para la Fiscal\u00eda, el adolescente de 17 a\u00f1os fue el autor de la pu\u00f1alada mortal"},"content":{"rendered":"\n<p><\/p>\n\n\n\n<p>En la teor\u00eda que traz\u00f3 la fiscal\u00eda de Instrucci\u00f3n, un adolescente de 17 a\u00f1os ser\u00eda el autor de la pu\u00f1alada que termin\u00f3 con la vida de un hombre en medio de una pelea entre familias en la localidad de Beazley, el mi\u00e9rcoles por la noche.<\/p>\n\n\n\n<p>Por el homicidio de Marcos Rosales, de 36 a\u00f1os, hay tres acusados: Vicente Villafa\u00f1e, Walter Quiroga y un adolescente punible.<\/p>\n\n\n\n<p>El juez subrogante del Juzgado de Garant\u00eda N\u00b02, Marcos Flores Leyes, dispuso la pr\u00f3rroga de detenci\u00f3n para los dos mayores, a pedido del Defensor en lo Penal N\u00b01, Carlos Salazar, abogado de ambos. Mientras se cumple el plazo, Villafa\u00f1e y Quiroga permanecer\u00e1n alojados en una comisar\u00eda de la ciudad de San Luis.<\/p>\n\n\n\n<p>La jueza Penal Juvenil y Contravencional, Daniela Benenatti, en tanto, resolvi\u00f3 que el m\u00e1s joven de los imputados cumpla prisi\u00f3n domiciliaria por tres meses.<\/p>\n\n\n\n<p>La teor\u00eda del Ministerio P\u00fablico Fiscal que complica al adolescente de 17 a\u00f1os<br>La Fiscal\u00eda N\u00b0 1 imput\u00f3 a los acusados de \u201chomicidio calificado\u201d, por ser realizado por el concurso premeditado de dos o m\u00e1s personas en calidad de co-autores. Para los fiscales, hubo un acuerdo previo para matar.<\/p>\n\n\n\n<p>El fiscal adjunto, Juan D\u00edaz Estopi\u00f1\u00e1n, narr\u00f3 que el d\u00eda del hecho, cerca de las 20.00, el adolescente se dirigi\u00f3 en su motocicleta hasta la casa de la v\u00edctima, ubicada sobre la calle Di Pascuo al 100, y lo amenaz\u00f3 de muerte. Media hora antes, el acusado hab\u00eda golpeado al hijo de Rosales.<\/p>\n\n\n\n<p>\u201cEsto provoc\u00f3 que la v\u00edctima sacara su autom\u00f3vil y siguiera al adolescente hasta una casa de la calle Salvio Cadelago, a sesenta metros de la Comisar\u00eda de Beazley. All\u00ed se inicia una discusi\u00f3n a la que se suman Villafa\u00f1e y Quiroga, quienes golpean a la v\u00edctima y en un momento el adolescente apu\u00f1ala a Rosales provoc\u00e1ndole una herida punzocortante de siete cent\u00edmetros de longitud\u201d, dijo Estopin\u00e1n.<\/p>\n\n\n\n<p>La v\u00edctima falleci\u00f3 en el lugar. El corte ten\u00eda una profundad de 12 cent\u00edmetros a la altura del ventr\u00edculo derecho que le produjo una hemorragia inter tor\u00e1xica aguda.<\/p>\n\n\n\n<p>\u201cLa amenaza previa cuando pasan por la puerta de la casa de Rosales y le dicen que lo iban a matar, me hace entender e inferir que hubo una convergencia de voluntades respecto de los imputados para dar muerte, quienes aprovechan el estado de indefensi\u00f3n de Rosales, que adem\u00e1s era superado en n\u00famero, y una vez reducido, el imputado m\u00e1s joven le da la pu\u00f1alada letal\u201d, explic\u00f3 el fiscal.<\/p>\n\n\n\n<p>Coautor\u00eda: la participaci\u00f3n de los mayores y el adolescente de 17 a\u00f1os<br>Y agreg\u00f3: \u201cEsta reuni\u00f3n de personas estuvo muy lejos de ser casual. No fue circunstancial, sino que hubo una amenaza previa y ese es el elemento objetivo que tomamos para calificar el hecho de este modo. Entendemos que en principio son tres los imputados sin perjuicio de que pueda haber otros\u201d.<\/p>\n\n\n\n<p>Por su parte, el fiscal de Instrucci\u00f3n N\u00b01, Francisco Assat, explic\u00f3 que se trata de una \u201ccoautor\u00eda funcional ya que resulta imposible que el hecho haya sido causado \u00fanicamente por el menor de edad teniendo en cuenta la contextura f\u00edsica de \u00e9l y de la v\u00edctima. Por eso entendemos que la coautor\u00eda funcion\u00f3 as\u00ed: los golpes perpetrados por los mayores de edad fueron los que dejaron el camino libre para que el ejecutor de la pu\u00f1alada letal. En ese sentido, todos tuvieron dominio del hecho, todos son coautores y deben responder por el mismo delito\u201d.<\/p>\n\n\n\n<p><strong>Peleas previas y posteriores<br><\/strong>Luego del hecho, comenzaron a llegar familiares y conocidos del fallecido y los acusados buscaron resguardarse en su vivienda. \u201cSin embargo, comenzaron a arrojarles piedras, destruyendo cristales, para despu\u00e9s provocar un incendio. A los fines de garantizar la integridad de las partes, se ingres\u00f3 al lugar con testigos y se formaliz\u00f3 la detenci\u00f3n en San Luis capital producto del tumulto de personas que buscaban hacer justicia por mano propia\u201d, agreg\u00f3 el fiscal adjunto.<\/p>\n\n\n\n<p>Por otro lado, la fiscal\u00eda mencion\u00f3 que el 24 de diciembre de 2023, el adolescente de 17 a\u00f1os atac\u00f3 a la v\u00edctima. \u201cEn un marco de amenazas, el acusado apu\u00f1al\u00f3 cuatro veces a Rosales, tres en el brazo y uno en la espalda, radic\u00e1ndose la correspondiente denuncia que tramita por Abordaje Fiscal\u201d, relat\u00f3.<\/p>\n\n\n\n<p><strong>Libertad para la madre de uno de los imputados<br><\/strong>Margarita Villafa\u00f1e, madre de uno de los acusados, lleg\u00f3 a la audiencia en calidad de detenida. Sin embargo, el fiscal Assat no pidi\u00f3 la formulaci\u00f3n de cargos, por lo que solicit\u00f3 su inmediata libertad. El juez Flores Leyes hizo lugar al pedido de la Fiscal\u00eda y adem\u00e1s orden\u00f3 que se corran las actuaciones a la Unidad de Gesti\u00f3n Fiscal para que se investigue la detenci\u00f3n ilegal de la mujer.<\/p>\n","protected":false},"excerpt":{"rendered":"<p>En la teor\u00eda que traz\u00f3 la fiscal\u00eda de Instrucci\u00f3n, un adolescente de 17 a\u00f1os ser\u00eda el autor de la pu\u00f1alada que termin\u00f3 con la vida de un hombre en medio de una pelea entre familias en la localidad de Beazley, el mi\u00e9rcoles por la noche. Por el homicidio de Marcos Rosales, de 36 a\u00f1os, hay [&hellip;]<\/p>\n","protected":false},"author":1,"featured_media":1892,"comment_status":"open","ping_status":"open","sticky":false,"template":"","format":"standard","meta":{"footnotes":""},"categories":[139,12],"tags":[],"class_list":["post-1891","post","type-post","status-publish","format-standard","has-post-thumbnail","hentry","category-beazley","category-pueyrredon"],"_links":{"self":[{"href":"https:\/\/vecinosdelinterior.com\/index.php\/wp-json\/wp\/v2\/posts\/1891","targetHints":{"allow":["GET"]}}],"collection":[{"href":"https:\/\/vecinosdelinterior.com\/index.php\/wp-json\/wp\/v2\/posts"}],"about":[{"href":"https:\/\/vecinosdelinterior.com\/index.php\/wp-json\/wp\/v2\/types\/post"}],"author":[{"embeddable":true,"href":"https:\/\/vecinosdelinterior.com\/index.php\/wp-json\/wp\/v2\/users\/1"}],"replies":[{"embeddable":true,"href":"https:\/\/vecinosdelinterior.com\/index.php\/wp-json\/wp\/v2\/comments?post=1891"}],"version-history":[{"count":2,"href":"https:\/\/vecinosdelinterior.com\/index.php\/wp-json\/wp\/v2\/posts\/1891\/revisions"}],"predecessor-version":[{"id":1894,"href":"https:\/\/vecinosdelinterior.com\/index.php\/wp-json\/wp\/v2\/posts\/1891\/revisions\/1894"}],"wp:featuredmedia":[{"embeddable":true,"href":"https:\/\/vecinosdelinterior.com\/index.php\/wp-json\/wp\/v2\/media\/1892"}],"wp:attachment":[{"href":"https:\/\/vecinosdelinterior.com\/index.php\/wp-json\/wp\/v2\/media?parent=1891"}],"wp:term":[{"taxonomy":"category","embeddable":true,"href":"https:\/\/vecinosdelinterior.com\/index.php\/wp-json\/wp\/v2\/categories?post=1891"},{"taxonomy":"post_tag","embeddable":true,"href":"https:\/\/vecinosdelinterior.com\/index.php\/wp-json\/wp\/v2\/tags?post=1891"}],"curies":[{"name":"wp","href":"https:\/\/api.w.org\/{rel}","templated":true}]}}