{"id":1898,"date":"2024-04-09T07:50:09","date_gmt":"2024-04-09T10:50:09","guid":{"rendered":"https:\/\/vecinosdelinterior.com\/?p=1898"},"modified":"2024-04-09T07:50:11","modified_gmt":"2024-04-09T10:50:11","slug":"el-taller-sobre-alimentos-sin-tacc-llega-este-jueves-11-a-concaran","status":"publish","type":"post","link":"https:\/\/vecinosdelinterior.com\/index.php\/2024\/04\/09\/el-taller-sobre-alimentos-sin-tacc-llega-este-jueves-11-a-concaran\/","title":{"rendered":"El taller sobre alimentos sin TACC llega este jueves 11 a Concar\u00e1n"},"content":{"rendered":"\n<p>Est\u00e1 destinado a cel\u00edacos y sus familiares, comerciantes y p\u00fablico en general. Es gratuito y no requiere de inscripci\u00f3n previa.<\/p>\n\n\n\n<p>La Coordinaci\u00f3n de Cel\u00edacos del ministerio de Salud contin\u00faa acercando el taller de educaci\u00f3n alimentaria nutricional y preparaci\u00f3n de alimentos sin TACC (sin trigo, avena, cebada ni centeno) a m\u00e1s vecinos de distintos puntos de la provincia. Este jueves 11 a las 11:00, el equipo viajar\u00e1 hasta el Hospital \u2018Doctor Jos\u00e9 Rafael Velasco\u2019 de Concar\u00e1n.<\/p>\n\n\n\n<p>Esta iniciativa busca promover h\u00e1bitos alimenticios saludables y ofrecer alternativas para quienes padecen intolerancia al gluten o enfermedad cel\u00edaca. Durante el taller brindar\u00e1n consejos pr\u00e1cticos sobre c\u00f3mo llevar una dieta equilibrada y variada, como as\u00ed tambi\u00e9n t\u00e9cnicas de preparaci\u00f3n de alimentos sin TACC.<\/p>\n\n\n\n<p>La jornada es organizada por expertos en nutrici\u00f3n y se dicta todos los jueves en distintas localidades y parajes de la provincia, para contribuir a mejorar la calidad de vida de las personas afectadas por estas condiciones, y sensibilizar a la comunidad en general sobre la importancia de una alimentaci\u00f3n consciente y adaptada a las necesidades de cada persona.<\/p>\n\n\n\n<figure class=\"wp-block-image size-large\"><img fetchpriority=\"high\" decoding=\"async\" width=\"1024\" height=\"1024\" src=\"https:\/\/vecinosdelinterior.com\/wp-content\/uploads\/2024\/04\/737e5559-6db4-4a03-9b7a-f751b1110a75-1024x1024.jpg\" alt=\"\" class=\"wp-image-1899\" srcset=\"https:\/\/vecinosdelinterior.com\/wp-content\/uploads\/2024\/04\/737e5559-6db4-4a03-9b7a-f751b1110a75-1024x1024.jpg 1024w, https:\/\/vecinosdelinterior.com\/wp-content\/uploads\/2024\/04\/737e5559-6db4-4a03-9b7a-f751b1110a75-300x300.jpg 300w, https:\/\/vecinosdelinterior.com\/wp-content\/uploads\/2024\/04\/737e5559-6db4-4a03-9b7a-f751b1110a75-150x150.jpg 150w, https:\/\/vecinosdelinterior.com\/wp-content\/uploads\/2024\/04\/737e5559-6db4-4a03-9b7a-f751b1110a75-768x768.jpg 768w, https:\/\/vecinosdelinterior.com\/wp-content\/uploads\/2024\/04\/737e5559-6db4-4a03-9b7a-f751b1110a75-75x75.jpg 75w, https:\/\/vecinosdelinterior.com\/wp-content\/uploads\/2024\/04\/737e5559-6db4-4a03-9b7a-f751b1110a75-750x750.jpg 750w, https:\/\/vecinosdelinterior.com\/wp-content\/uploads\/2024\/04\/737e5559-6db4-4a03-9b7a-f751b1110a75.jpg 1080w\" sizes=\"(max-width: 1024px) 100vw, 1024px\" \/><\/figure>\n","protected":false},"excerpt":{"rendered":"<p>Est\u00e1 destinado a cel\u00edacos y sus familiares, comerciantes y p\u00fablico en general. Es gratuito y no requiere de inscripci\u00f3n previa. La Coordinaci\u00f3n de Cel\u00edacos del ministerio de Salud contin\u00faa acercando el taller de educaci\u00f3n alimentaria nutricional y preparaci\u00f3n de alimentos sin TACC (sin trigo, avena, cebada ni centeno) a m\u00e1s vecinos de distintos puntos de [&hellip;]<\/p>\n","protected":false},"author":1,"featured_media":1899,"comment_status":"open","ping_status":"open","sticky":false,"template":"","format":"standard","meta":{"footnotes":""},"categories":[29,223],"tags":[],"class_list":["post-1898","post","type-post","status-publish","format-standard","has-post-thumbnail","hentry","category-chacabuco","category-concaran"],"_links":{"self":[{"href":"https:\/\/vecinosdelinterior.com\/index.php\/wp-json\/wp\/v2\/posts\/1898","targetHints":{"allow":["GET"]}}],"collection":[{"href":"https:\/\/vecinosdelinterior.com\/index.php\/wp-json\/wp\/v2\/posts"}],"about":[{"href":"https:\/\/vecinosdelinterior.com\/index.php\/wp-json\/wp\/v2\/types\/post"}],"author":[{"embeddable":true,"href":"https:\/\/vecinosdelinterior.com\/index.php\/wp-json\/wp\/v2\/users\/1"}],"replies":[{"embeddable":true,"href":"https:\/\/vecinosdelinterior.com\/index.php\/wp-json\/wp\/v2\/comments?post=1898"}],"version-history":[{"count":1,"href":"https:\/\/vecinosdelinterior.com\/index.php\/wp-json\/wp\/v2\/posts\/1898\/revisions"}],"predecessor-version":[{"id":1900,"href":"https:\/\/vecinosdelinterior.com\/index.php\/wp-json\/wp\/v2\/posts\/1898\/revisions\/1900"}],"wp:featuredmedia":[{"embeddable":true,"href":"https:\/\/vecinosdelinterior.com\/index.php\/wp-json\/wp\/v2\/media\/1899"}],"wp:attachment":[{"href":"https:\/\/vecinosdelinterior.com\/index.php\/wp-json\/wp\/v2\/media?parent=1898"}],"wp:term":[{"taxonomy":"category","embeddable":true,"href":"https:\/\/vecinosdelinterior.com\/index.php\/wp-json\/wp\/v2\/categories?post=1898"},{"taxonomy":"post_tag","embeddable":true,"href":"https:\/\/vecinosdelinterior.com\/index.php\/wp-json\/wp\/v2\/tags?post=1898"}],"curies":[{"name":"wp","href":"https:\/\/api.w.org\/{rel}","templated":true}]}}