{"id":1928,"date":"2024-04-15T23:13:38","date_gmt":"2024-04-16T02:13:38","guid":{"rendered":"https:\/\/vecinosdelinterior.com\/?p=1928"},"modified":"2024-04-15T23:13:38","modified_gmt":"2024-04-16T02:13:38","slug":"liberaran-un-condor-en-las-sierras-de-las-quijadas-e-invitan-a-la-comunidad-a-elegir-su-nombre","status":"publish","type":"post","link":"https:\/\/vecinosdelinterior.com\/index.php\/2024\/04\/15\/liberaran-un-condor-en-las-sierras-de-las-quijadas-e-invitan-a-la-comunidad-a-elegir-su-nombre\/","title":{"rendered":"Liberar\u00e1n un c\u00f3ndor en las Sierras de las Quijadas e invitan a la comunidad a elegir su nombre"},"content":{"rendered":"\n<p><\/p>\n\n\n\n<p>La secretar\u00eda de Ambiente y Desarrollo Sustentable anunci\u00f3 la liberaci\u00f3n de un c\u00f3ndor recuperado, especie declarada monumento natural provincial. Tambi\u00e9n invitaron a la comunidad en general a participar en la elecci\u00f3n del nombre del animal, que recuperar\u00e1 su libertad tras recuperarse en el Centro de Conservaci\u00f3n de Vida Silvestre en La Florida.<\/p>\n\n\n\n<p>La directora de Coordinaci\u00f3n General de la secretar\u00eda de Ambiente y Desarrollo Sustentable, Eugenia P\u00e9rez Cubero, inform\u00f3 que el pr\u00f3ximo 30 de abril se llevar\u00e1 a cabo la liberaci\u00f3n de un c\u00f3ndor en el Parque Nacional Sierra de las Quijadas.<\/p>\n\n\n\n<p>\u201cB\u00e1sicamente queremos contarles desde secretar\u00eda de Ambiente que el pr\u00f3ximo 30 de abril tendremos la liberaci\u00f3n del c\u00f3ndor, que en verdad es una figura emblem\u00e1tica para nuestra provincia. Es una especie declarada como monumento natural dentro de la provincia y es el primer c\u00f3ndor que se va a liberar dentro de nuestra gesti\u00f3n\u201d, explic\u00f3 P\u00e9rez Cubero.<\/p>\n\n\n\n<p>La liberaci\u00f3n se realizar\u00e1 a las 9:00 en el Parque Nacional Sierra de las Quijadas, donde fue encontrado el animal, \u201cde alguna manera centralizando el fortalecimiento que queremos hacer de la revinculaci\u00f3n con el Parque Nacional\u201d, detall\u00f3 la funcionaria.<\/p>\n\n\n\n<p>P\u00e9rez Cubero destac\u00f3 que el proceso contar\u00e1 con la participaci\u00f3n de organizaciones no gubernamentales especializadas en la liberaci\u00f3n de especies, como la Fundaci\u00f3n Vida Silvestre y la Fundaci\u00f3n Bio Andina. \u201cTambi\u00e9n nos van a estar acompa\u00f1ando comunidades originarias de la zona, con danzas, bailes y un ritual\u201d, agreg\u00f3.<\/p>\n\n\n\n<p>El c\u00f3ndor, un macho adulto de m\u00e1s de 15 a\u00f1os, fue rescatado en el mismo parque y recuperado en el Centro de Conservaci\u00f3n de Vida Silvestre de la provincia. \u201cSe le hicieron todos los procedimientos de recuperaci\u00f3n y ahora est\u00e1 listo para ser liberado en su h\u00e1bitat natural\u201d, afirm\u00f3 P\u00e9rez Cubero.<\/p>\n\n\n\n<p>Adem\u00e1s, la funcionaria inform\u00f3 que hasta el jueves 21 de abril, a trav\u00e9s de las redes sociales del Gobierno provincial, la ciudadan\u00eda podr\u00e1 elegir el nombre que llevar\u00e1 este c\u00f3ndor emblem\u00e1tico.<\/p>\n","protected":false},"excerpt":{"rendered":"<p>La secretar\u00eda de Ambiente y Desarrollo Sustentable anunci\u00f3 la liberaci\u00f3n de un c\u00f3ndor recuperado, especie declarada monumento natural provincial. Tambi\u00e9n invitaron a la comunidad en general a participar en la elecci\u00f3n del nombre del animal, que recuperar\u00e1 su libertad tras recuperarse en el Centro de Conservaci\u00f3n de Vida Silvestre en La Florida. La directora de [&hellip;]<\/p>\n","protected":false},"author":1,"featured_media":1929,"comment_status":"open","ping_status":"open","sticky":false,"template":"","format":"standard","meta":{"footnotes":""},"categories":[1],"tags":[338],"class_list":["post-1928","post","type-post","status-publish","format-standard","has-post-thumbnail","hentry","category-blog","tag-sierra-de-las-quijadas"],"_links":{"self":[{"href":"https:\/\/vecinosdelinterior.com\/index.php\/wp-json\/wp\/v2\/posts\/1928","targetHints":{"allow":["GET"]}}],"collection":[{"href":"https:\/\/vecinosdelinterior.com\/index.php\/wp-json\/wp\/v2\/posts"}],"about":[{"href":"https:\/\/vecinosdelinterior.com\/index.php\/wp-json\/wp\/v2\/types\/post"}],"author":[{"embeddable":true,"href":"https:\/\/vecinosdelinterior.com\/index.php\/wp-json\/wp\/v2\/users\/1"}],"replies":[{"embeddable":true,"href":"https:\/\/vecinosdelinterior.com\/index.php\/wp-json\/wp\/v2\/comments?post=1928"}],"version-history":[{"count":1,"href":"https:\/\/vecinosdelinterior.com\/index.php\/wp-json\/wp\/v2\/posts\/1928\/revisions"}],"predecessor-version":[{"id":1930,"href":"https:\/\/vecinosdelinterior.com\/index.php\/wp-json\/wp\/v2\/posts\/1928\/revisions\/1930"}],"wp:featuredmedia":[{"embeddable":true,"href":"https:\/\/vecinosdelinterior.com\/index.php\/wp-json\/wp\/v2\/media\/1929"}],"wp:attachment":[{"href":"https:\/\/vecinosdelinterior.com\/index.php\/wp-json\/wp\/v2\/media?parent=1928"}],"wp:term":[{"taxonomy":"category","embeddable":true,"href":"https:\/\/vecinosdelinterior.com\/index.php\/wp-json\/wp\/v2\/categories?post=1928"},{"taxonomy":"post_tag","embeddable":true,"href":"https:\/\/vecinosdelinterior.com\/index.php\/wp-json\/wp\/v2\/tags?post=1928"}],"curies":[{"name":"wp","href":"https:\/\/api.w.org\/{rel}","templated":true}]}}