{"id":1952,"date":"2024-04-17T23:31:01","date_gmt":"2024-04-18T02:31:01","guid":{"rendered":"https:\/\/vecinosdelinterior.com\/?p=1952"},"modified":"2024-04-17T23:34:32","modified_gmt":"2024-04-18T02:34:32","slug":"senadores-del-bloque-justicialista-en-apoyo-de-las-universidades-publicas-se-reunieron-con-rectores-para-analizar-la-situacion-actual","status":"publish","type":"post","link":"https:\/\/vecinosdelinterior.com\/index.php\/2024\/04\/17\/senadores-del-bloque-justicialista-en-apoyo-de-las-universidades-publicas-se-reunieron-con-rectores-para-analizar-la-situacion-actual\/","title":{"rendered":"Senadores del bloque Justicialista en apoyo de las universidades p\u00fablicas se reunieron con rectores para analizar la situaci\u00f3n actual"},"content":{"rendered":"\n<p>Se trata de los senadores Hugo Olgu\u00edn, Alejandro Torres, Sergio Moreira, Mariana Cruz y Carlos Garc\u00eda, junto a los Diputados provinciales Federico Berardo, Claudio Pinelli, Natalia Spinuzza y Sonia del Arco, recibieron en el bloque del Senado a las autoridades de la UNVIMe y posteriormente mantuvieron otra reuni\u00f3n con el rector de la UNSL.<br>Las tem\u00e1ticas tratadas en ambas reuniones tuvieron que ver con la dif\u00edcil situaci\u00f3n que transitan las universidades sin el apoyo de Naci\u00f3n y por las fuertes medidas de ajuste y desfinanciamiento.<br>Los legisladores manifestaron su apoyo y gran preocupaci\u00f3n acompa\u00f1ando a estas instituciones en su reclamo.<\/p>\n\n\n\n<figure class=\"wp-block-gallery has-nested-images columns-default is-cropped wp-block-gallery-1 is-layout-flex wp-block-gallery-is-layout-flex\">\n<figure class=\"wp-block-image size-large\"><img fetchpriority=\"high\" decoding=\"async\" width=\"1024\" height=\"768\" data-id=\"1954\" src=\"https:\/\/vecinosdelinterior.com\/wp-content\/uploads\/2024\/04\/WhatsApp-Image-2024-04-17-at-10.44.18-AM-1024x768.jpeg\" alt=\"\" class=\"wp-image-1954\" srcset=\"https:\/\/vecinosdelinterior.com\/wp-content\/uploads\/2024\/04\/WhatsApp-Image-2024-04-17-at-10.44.18-AM-1024x768.jpeg 1024w, https:\/\/vecinosdelinterior.com\/wp-content\/uploads\/2024\/04\/WhatsApp-Image-2024-04-17-at-10.44.18-AM-300x225.jpeg 300w, https:\/\/vecinosdelinterior.com\/wp-content\/uploads\/2024\/04\/WhatsApp-Image-2024-04-17-at-10.44.18-AM-768x576.jpeg 768w, https:\/\/vecinosdelinterior.com\/wp-content\/uploads\/2024\/04\/WhatsApp-Image-2024-04-17-at-10.44.18-AM-1536x1152.jpeg 1536w, https:\/\/vecinosdelinterior.com\/wp-content\/uploads\/2024\/04\/WhatsApp-Image-2024-04-17-at-10.44.18-AM-2048x1536.jpeg 2048w, https:\/\/vecinosdelinterior.com\/wp-content\/uploads\/2024\/04\/WhatsApp-Image-2024-04-17-at-10.44.18-AM-750x563.jpeg 750w, https:\/\/vecinosdelinterior.com\/wp-content\/uploads\/2024\/04\/WhatsApp-Image-2024-04-17-at-10.44.18-AM-1140x855.jpeg 1140w\" sizes=\"(max-width: 1024px) 100vw, 1024px\" \/><\/figure>\n\n\n\n<figure class=\"wp-block-image size-large\"><img decoding=\"async\" width=\"1024\" height=\"768\" data-id=\"1953\" src=\"https:\/\/vecinosdelinterior.com\/wp-content\/uploads\/2024\/04\/WhatsApp-Image-2024-04-17-at-10.44.16-AM-1024x768.jpeg\" alt=\"\" class=\"wp-image-1953\" srcset=\"https:\/\/vecinosdelinterior.com\/wp-content\/uploads\/2024\/04\/WhatsApp-Image-2024-04-17-at-10.44.16-AM-1024x768.jpeg 1024w, https:\/\/vecinosdelinterior.com\/wp-content\/uploads\/2024\/04\/WhatsApp-Image-2024-04-17-at-10.44.16-AM-300x225.jpeg 300w, https:\/\/vecinosdelinterior.com\/wp-content\/uploads\/2024\/04\/WhatsApp-Image-2024-04-17-at-10.44.16-AM-768x576.jpeg 768w, https:\/\/vecinosdelinterior.com\/wp-content\/uploads\/2024\/04\/WhatsApp-Image-2024-04-17-at-10.44.16-AM-1536x1152.jpeg 1536w, https:\/\/vecinosdelinterior.com\/wp-content\/uploads\/2024\/04\/WhatsApp-Image-2024-04-17-at-10.44.16-AM-2048x1536.jpeg 2048w, https:\/\/vecinosdelinterior.com\/wp-content\/uploads\/2024\/04\/WhatsApp-Image-2024-04-17-at-10.44.16-AM-750x563.jpeg 750w, https:\/\/vecinosdelinterior.com\/wp-content\/uploads\/2024\/04\/WhatsApp-Image-2024-04-17-at-10.44.16-AM-1140x855.jpeg 1140w\" sizes=\"(max-width: 1024px) 100vw, 1024px\" \/><\/figure>\n\n\n\n<figure class=\"wp-block-image size-large\"><img decoding=\"async\" width=\"1024\" height=\"768\" data-id=\"1955\" src=\"https:\/\/vecinosdelinterior.com\/wp-content\/uploads\/2024\/04\/WhatsApp-Image-2024-04-17-at-10.44.12-AM-1024x768.jpeg\" alt=\"\" class=\"wp-image-1955\" srcset=\"https:\/\/vecinosdelinterior.com\/wp-content\/uploads\/2024\/04\/WhatsApp-Image-2024-04-17-at-10.44.12-AM-1024x768.jpeg 1024w, https:\/\/vecinosdelinterior.com\/wp-content\/uploads\/2024\/04\/WhatsApp-Image-2024-04-17-at-10.44.12-AM-300x225.jpeg 300w, https:\/\/vecinosdelinterior.com\/wp-content\/uploads\/2024\/04\/WhatsApp-Image-2024-04-17-at-10.44.12-AM-768x576.jpeg 768w, https:\/\/vecinosdelinterior.com\/wp-content\/uploads\/2024\/04\/WhatsApp-Image-2024-04-17-at-10.44.12-AM-1536x1152.jpeg 1536w, https:\/\/vecinosdelinterior.com\/wp-content\/uploads\/2024\/04\/WhatsApp-Image-2024-04-17-at-10.44.12-AM-2048x1536.jpeg 2048w, https:\/\/vecinosdelinterior.com\/wp-content\/uploads\/2024\/04\/WhatsApp-Image-2024-04-17-at-10.44.12-AM-750x563.jpeg 750w, https:\/\/vecinosdelinterior.com\/wp-content\/uploads\/2024\/04\/WhatsApp-Image-2024-04-17-at-10.44.12-AM-1140x855.jpeg 1140w\" sizes=\"(max-width: 1024px) 100vw, 1024px\" \/><\/figure>\n<\/figure>\n","protected":false},"excerpt":{"rendered":"<p>Se trata de los senadores Hugo Olgu\u00edn, Alejandro Torres, Sergio Moreira, Mariana Cruz y Carlos Garc\u00eda, junto a los Diputados provinciales Federico Berardo, Claudio Pinelli, Natalia Spinuzza y Sonia del Arco, recibieron en el bloque del Senado a las autoridades de la UNVIMe y posteriormente mantuvieron otra reuni\u00f3n con el rector de la UNSL.Las tem\u00e1ticas [&hellip;]<\/p>\n","protected":false},"author":1,"featured_media":1953,"comment_status":"open","ping_status":"open","sticky":false,"template":"","format":"standard","meta":{"footnotes":""},"categories":[8,92,29,16,98,67],"tags":[],"class_list":["post-1952","post","type-post","status-publish","format-standard","has-post-thumbnail","hentry","category-ayacucho","category-belgrano","category-chacabuco","category-dupuy","category-pedernera","category-san-martin"],"_links":{"self":[{"href":"https:\/\/vecinosdelinterior.com\/index.php\/wp-json\/wp\/v2\/posts\/1952","targetHints":{"allow":["GET"]}}],"collection":[{"href":"https:\/\/vecinosdelinterior.com\/index.php\/wp-json\/wp\/v2\/posts"}],"about":[{"href":"https:\/\/vecinosdelinterior.com\/index.php\/wp-json\/wp\/v2\/types\/post"}],"author":[{"embeddable":true,"href":"https:\/\/vecinosdelinterior.com\/index.php\/wp-json\/wp\/v2\/users\/1"}],"replies":[{"embeddable":true,"href":"https:\/\/vecinosdelinterior.com\/index.php\/wp-json\/wp\/v2\/comments?post=1952"}],"version-history":[{"count":2,"href":"https:\/\/vecinosdelinterior.com\/index.php\/wp-json\/wp\/v2\/posts\/1952\/revisions"}],"predecessor-version":[{"id":1958,"href":"https:\/\/vecinosdelinterior.com\/index.php\/wp-json\/wp\/v2\/posts\/1952\/revisions\/1958"}],"wp:featuredmedia":[{"embeddable":true,"href":"https:\/\/vecinosdelinterior.com\/index.php\/wp-json\/wp\/v2\/media\/1953"}],"wp:attachment":[{"href":"https:\/\/vecinosdelinterior.com\/index.php\/wp-json\/wp\/v2\/media?parent=1952"}],"wp:term":[{"taxonomy":"category","embeddable":true,"href":"https:\/\/vecinosdelinterior.com\/index.php\/wp-json\/wp\/v2\/categories?post=1952"},{"taxonomy":"post_tag","embeddable":true,"href":"https:\/\/vecinosdelinterior.com\/index.php\/wp-json\/wp\/v2\/tags?post=1952"}],"curies":[{"name":"wp","href":"https:\/\/api.w.org\/{rel}","templated":true}]}}