{"id":1963,"date":"2024-04-18T23:32:22","date_gmt":"2024-04-19T02:32:22","guid":{"rendered":"https:\/\/vecinosdelinterior.com\/?p=1963"},"modified":"2024-04-18T23:32:23","modified_gmt":"2024-04-19T02:32:23","slug":"santa-rosa-del-conlara-la-policia-secuestro-diversos-elementos-en-el-marco-de-una-causa-por-robo","status":"publish","type":"post","link":"https:\/\/vecinosdelinterior.com\/index.php\/2024\/04\/18\/santa-rosa-del-conlara-la-policia-secuestro-diversos-elementos-en-el-marco-de-una-causa-por-robo\/","title":{"rendered":"Santa Rosa del Conlara: la Polic\u00eda secuestr\u00f3 diversos elementos en el marco de una causa por robo"},"content":{"rendered":"\n<p><\/p>\n\n\n\n<p>Efectivos del Departamento de Investigaciones Concar\u00e1n, en conjunto con personal de la Comisar\u00eda 25\u00b0 de Santa Rosa del Conlara, secuestraron diversos elementos como parte de las investigaciones con respecto a una causa por robo.<br>Tras una orden judicial, los efectivos llevaron a cabo un allanamiento en un domicilio de esa localidad y secuestraron: una pala tipo coraz\u00f3n , un poco tipo hacha, un respaldo cabecera de madera, una pantalla de gas, un cami\u00f3n de juguete, un triciclo de juguete, tres tel\u00e9fonos celulares y ropa de vestir.<br>Interviene la Unidad de Abordaje Fiscal de la Tercera Circunscripci\u00f3n Judicial, a cargo de la Dra. D\u00e9bora Roy Gitto.<\/p>\n\n\n\n<figure class=\"wp-block-image size-full\"><img fetchpriority=\"high\" decoding=\"async\" width=\"915\" height=\"758\" src=\"https:\/\/vecinosdelinterior.com\/wp-content\/uploads\/2024\/04\/WhatsApp-Image-2024-04-18-at-9.43.37-PM.jpeg\" alt=\"\" class=\"wp-image-1964\" srcset=\"https:\/\/vecinosdelinterior.com\/wp-content\/uploads\/2024\/04\/WhatsApp-Image-2024-04-18-at-9.43.37-PM.jpeg 915w, https:\/\/vecinosdelinterior.com\/wp-content\/uploads\/2024\/04\/WhatsApp-Image-2024-04-18-at-9.43.37-PM-300x249.jpeg 300w, https:\/\/vecinosdelinterior.com\/wp-content\/uploads\/2024\/04\/WhatsApp-Image-2024-04-18-at-9.43.37-PM-768x636.jpeg 768w, https:\/\/vecinosdelinterior.com\/wp-content\/uploads\/2024\/04\/WhatsApp-Image-2024-04-18-at-9.43.37-PM-750x621.jpeg 750w\" sizes=\"(max-width: 915px) 100vw, 915px\" \/><\/figure>\n","protected":false},"excerpt":{"rendered":"<p>Efectivos del Departamento de Investigaciones Concar\u00e1n, en conjunto con personal de la Comisar\u00eda 25\u00b0 de Santa Rosa del Conlara, secuestraron diversos elementos como parte de las investigaciones con respecto a una causa por robo.Tras una orden judicial, los efectivos llevaron a cabo un allanamiento en un domicilio de esa localidad y secuestraron: una pala tipo [&hellip;]<\/p>\n","protected":false},"author":1,"featured_media":1964,"comment_status":"open","ping_status":"open","sticky":false,"template":"","format":"standard","meta":{"footnotes":""},"categories":[23,45],"tags":[],"class_list":["post-1963","post","type-post","status-publish","format-standard","has-post-thumbnail","hentry","category-junin","category-santa-rosa-del-conlara"],"_links":{"self":[{"href":"https:\/\/vecinosdelinterior.com\/index.php\/wp-json\/wp\/v2\/posts\/1963","targetHints":{"allow":["GET"]}}],"collection":[{"href":"https:\/\/vecinosdelinterior.com\/index.php\/wp-json\/wp\/v2\/posts"}],"about":[{"href":"https:\/\/vecinosdelinterior.com\/index.php\/wp-json\/wp\/v2\/types\/post"}],"author":[{"embeddable":true,"href":"https:\/\/vecinosdelinterior.com\/index.php\/wp-json\/wp\/v2\/users\/1"}],"replies":[{"embeddable":true,"href":"https:\/\/vecinosdelinterior.com\/index.php\/wp-json\/wp\/v2\/comments?post=1963"}],"version-history":[{"count":1,"href":"https:\/\/vecinosdelinterior.com\/index.php\/wp-json\/wp\/v2\/posts\/1963\/revisions"}],"predecessor-version":[{"id":1965,"href":"https:\/\/vecinosdelinterior.com\/index.php\/wp-json\/wp\/v2\/posts\/1963\/revisions\/1965"}],"wp:featuredmedia":[{"embeddable":true,"href":"https:\/\/vecinosdelinterior.com\/index.php\/wp-json\/wp\/v2\/media\/1964"}],"wp:attachment":[{"href":"https:\/\/vecinosdelinterior.com\/index.php\/wp-json\/wp\/v2\/media?parent=1963"}],"wp:term":[{"taxonomy":"category","embeddable":true,"href":"https:\/\/vecinosdelinterior.com\/index.php\/wp-json\/wp\/v2\/categories?post=1963"},{"taxonomy":"post_tag","embeddable":true,"href":"https:\/\/vecinosdelinterior.com\/index.php\/wp-json\/wp\/v2\/tags?post=1963"}],"curies":[{"name":"wp","href":"https:\/\/api.w.org\/{rel}","templated":true}]}}