{"id":1978,"date":"2024-04-20T12:35:20","date_gmt":"2024-04-20T15:35:20","guid":{"rendered":"https:\/\/vecinosdelinterior.com\/?p=1978"},"modified":"2024-04-20T12:35:20","modified_gmt":"2024-04-20T15:35:20","slug":"sancionan-a-la-cooperadora-de-la-escuela-de-san-jeronimo-por-numerosos-casos-de-gastroenteritis","status":"publish","type":"post","link":"https:\/\/vecinosdelinterior.com\/index.php\/2024\/04\/20\/sancionan-a-la-cooperadora-de-la-escuela-de-san-jeronimo-por-numerosos-casos-de-gastroenteritis\/","title":{"rendered":"Sancionan a la cooperadora de la escuela de San Jer\u00f3nimo por numerosos casos de gastroenteritis"},"content":{"rendered":"\n<p><\/p>\n\n\n\n<p>El Ministerio de Educaci\u00f3n de San Luis sancion\u00f3 a la cooperadora de la escuela N\u00ba 441 \u2018Capit\u00e1n de Fragata Don Pedro Eduardo Giachino\u2019 de San Jer\u00f3nimo, por la detecci\u00f3n de numerosos casos de gastroenteritis en la instituci\u00f3n.<\/p>\n\n\n\n<p>La cartera educativa, junto al Ministerio de Salud, activaron el protocolo epidemiol\u00f3gico este viernes. De esa manera, hubo un operativo en el establecimiento \u201cpara entrevistar a los estudiantes y el personal con s\u00edntomas\u201d.<\/p>\n\n\n\n<figure class=\"wp-block-image size-large\"><img fetchpriority=\"high\" decoding=\"async\" width=\"1024\" height=\"540\" src=\"https:\/\/vecinosdelinterior.com\/wp-content\/uploads\/2024\/04\/20-4-2024-12-33-00-1024x540.jpg\" alt=\"\" class=\"wp-image-1979\" srcset=\"https:\/\/vecinosdelinterior.com\/wp-content\/uploads\/2024\/04\/20-4-2024-12-33-00-1024x540.jpg 1024w, https:\/\/vecinosdelinterior.com\/wp-content\/uploads\/2024\/04\/20-4-2024-12-33-00-300x158.jpg 300w, https:\/\/vecinosdelinterior.com\/wp-content\/uploads\/2024\/04\/20-4-2024-12-33-00-768x405.jpg 768w, https:\/\/vecinosdelinterior.com\/wp-content\/uploads\/2024\/04\/20-4-2024-12-33-00-750x396.jpg 750w, https:\/\/vecinosdelinterior.com\/wp-content\/uploads\/2024\/04\/20-4-2024-12-33-00-1140x601.jpg 1140w, https:\/\/vecinosdelinterior.com\/wp-content\/uploads\/2024\/04\/20-4-2024-12-33-00.jpg 1181w\" sizes=\"(max-width: 1024px) 100vw, 1024px\" \/><\/figure>\n\n\n\n<p>\u201cEl com\u00fan denominador entre los casos es, que todos los afectados consumieron el almuerzo preparado por la cooperadora de la escuela, conten\u00eda alimentos que no formaban parte del listado permitido establecido en la Circular N\u00ba 04- DCE-2024. La circular detalla los men\u00fas de las comidas aptas para el consumo de los estudiantes\u201d, inform\u00f3 el Gobierno a trav\u00e9s de un comunicado.<\/p>\n\n\n\n<p>Y agreg\u00f3: \u201cPor esta raz\u00f3n, el Ministerio de Educaci\u00f3n resuelve sancionar a la cooperadora de la mencionada instituci\u00f3n, concluyendo el v\u00ednculo de transferencia del subsidio a la misma, por haber realizado un producto alimenticio que se encuentra por fuera de las comidas aptas para consumo de los estudiantes, tal como se detalla en la citada Circular\u201d.<\/p>\n\n\n\n<p>La nota tambi\u00e9n se\u00f1ala que los estudiantes de la escuela de San Jer\u00f3nimo recibir\u00e1n, desde el lunes, el almuerzo por \u201cProveedor Directo\u201d.<\/p>\n\n\n\n<p>El ministerio de Salud se encuentra monitoreando de cerca los casos, los cuales no revisten de gravedad. Ambas carteras del Estado provincial se encuentran atentos a la evoluci\u00f3n de los pacientes y cercas de sus familias ante cualquier necesidad.<\/p>\n","protected":false},"excerpt":{"rendered":"<p>El Ministerio de Educaci\u00f3n de San Luis sancion\u00f3 a la cooperadora de la escuela N\u00ba 441 \u2018Capit\u00e1n de Fragata Don Pedro Eduardo Giachino\u2019 de San Jer\u00f3nimo, por la detecci\u00f3n de numerosos casos de gastroenteritis en la instituci\u00f3n. La cartera educativa, junto al Ministerio de Salud, activaron el protocolo epidemiol\u00f3gico este viernes. De esa manera, hubo [&hellip;]<\/p>\n","protected":false},"author":1,"featured_media":1979,"comment_status":"open","ping_status":"open","sticky":false,"template":"","format":"standard","meta":{"footnotes":""},"categories":[12],"tags":[405],"class_list":["post-1978","post","type-post","status-publish","format-standard","has-post-thumbnail","hentry","category-pueyrredon","tag-san-jeronimo"],"_links":{"self":[{"href":"https:\/\/vecinosdelinterior.com\/index.php\/wp-json\/wp\/v2\/posts\/1978","targetHints":{"allow":["GET"]}}],"collection":[{"href":"https:\/\/vecinosdelinterior.com\/index.php\/wp-json\/wp\/v2\/posts"}],"about":[{"href":"https:\/\/vecinosdelinterior.com\/index.php\/wp-json\/wp\/v2\/types\/post"}],"author":[{"embeddable":true,"href":"https:\/\/vecinosdelinterior.com\/index.php\/wp-json\/wp\/v2\/users\/1"}],"replies":[{"embeddable":true,"href":"https:\/\/vecinosdelinterior.com\/index.php\/wp-json\/wp\/v2\/comments?post=1978"}],"version-history":[{"count":1,"href":"https:\/\/vecinosdelinterior.com\/index.php\/wp-json\/wp\/v2\/posts\/1978\/revisions"}],"predecessor-version":[{"id":1980,"href":"https:\/\/vecinosdelinterior.com\/index.php\/wp-json\/wp\/v2\/posts\/1978\/revisions\/1980"}],"wp:featuredmedia":[{"embeddable":true,"href":"https:\/\/vecinosdelinterior.com\/index.php\/wp-json\/wp\/v2\/media\/1979"}],"wp:attachment":[{"href":"https:\/\/vecinosdelinterior.com\/index.php\/wp-json\/wp\/v2\/media?parent=1978"}],"wp:term":[{"taxonomy":"category","embeddable":true,"href":"https:\/\/vecinosdelinterior.com\/index.php\/wp-json\/wp\/v2\/categories?post=1978"},{"taxonomy":"post_tag","embeddable":true,"href":"https:\/\/vecinosdelinterior.com\/index.php\/wp-json\/wp\/v2\/tags?post=1978"}],"curies":[{"name":"wp","href":"https:\/\/api.w.org\/{rel}","templated":true}]}}