{"id":1986,"date":"2024-04-22T19:33:38","date_gmt":"2024-04-22T22:33:38","guid":{"rendered":"https:\/\/vecinosdelinterior.com\/?p=1986"},"modified":"2024-04-22T19:33:39","modified_gmt":"2024-04-22T22:33:39","slug":"el-circuito-de-duatlon-puntuable-tuvo-su-primera-fecha-en-las-chacras","status":"publish","type":"post","link":"https:\/\/vecinosdelinterior.com\/index.php\/2024\/04\/22\/el-circuito-de-duatlon-puntuable-tuvo-su-primera-fecha-en-las-chacras\/","title":{"rendered":"El Circuito de Duatl\u00f3n Puntuable tuvo su primera fecha en Las Chacras"},"content":{"rendered":"\n<p><\/p>\n\n\n\n<p>La pintoresca localidad del departamento San Mart\u00edn fue escenario del un arranque que reuni\u00f3 alrededor de 100 competidores de distintos puntos de la provincia, Mendoza, Villa Dolores y Sampacho.<\/p>\n\n\n\n<p>El domingo 21 se llev\u00f3 a cabo la primera fecha del Circuito de Duatl\u00f3n Puntuable en Las Chacras. El evento fue organizado por la coordinadora departamental de la secretar\u00eda de Deportes en San Mart\u00edn, Cristina Godoy, y cont\u00f3 con el auspicio de la municipalidad de Las Chacras, que estuvo representada por la intendenta Sandra Altamirano.<\/p>\n\n\n\n<figure class=\"wp-block-gallery has-nested-images columns-default is-cropped wp-block-gallery-1 is-layout-flex wp-block-gallery-is-layout-flex\">\n<figure class=\"wp-block-image size-large\"><img fetchpriority=\"high\" decoding=\"async\" width=\"973\" height=\"721\" data-id=\"1988\" src=\"https:\/\/vecinosdelinterior.com\/wp-content\/uploads\/2024\/04\/34ac1eaa-9a7d-481c-8466-4a89bd744c45.jpeg\" alt=\"\" class=\"wp-image-1988\" srcset=\"https:\/\/vecinosdelinterior.com\/wp-content\/uploads\/2024\/04\/34ac1eaa-9a7d-481c-8466-4a89bd744c45.jpeg 973w, https:\/\/vecinosdelinterior.com\/wp-content\/uploads\/2024\/04\/34ac1eaa-9a7d-481c-8466-4a89bd744c45-300x222.jpeg 300w, https:\/\/vecinosdelinterior.com\/wp-content\/uploads\/2024\/04\/34ac1eaa-9a7d-481c-8466-4a89bd744c45-768x569.jpeg 768w, https:\/\/vecinosdelinterior.com\/wp-content\/uploads\/2024\/04\/34ac1eaa-9a7d-481c-8466-4a89bd744c45-750x556.jpeg 750w\" sizes=\"(max-width: 973px) 100vw, 973px\" \/><\/figure>\n\n\n\n<figure class=\"wp-block-image size-large\"><img decoding=\"async\" width=\"852\" height=\"576\" data-id=\"1987\" src=\"https:\/\/vecinosdelinterior.com\/wp-content\/uploads\/2024\/04\/c94f7a32-4b03-4311-b201-4caa40da6d95.jpeg\" alt=\"\" class=\"wp-image-1987\" srcset=\"https:\/\/vecinosdelinterior.com\/wp-content\/uploads\/2024\/04\/c94f7a32-4b03-4311-b201-4caa40da6d95.jpeg 852w, https:\/\/vecinosdelinterior.com\/wp-content\/uploads\/2024\/04\/c94f7a32-4b03-4311-b201-4caa40da6d95-300x203.jpeg 300w, https:\/\/vecinosdelinterior.com\/wp-content\/uploads\/2024\/04\/c94f7a32-4b03-4311-b201-4caa40da6d95-768x519.jpeg 768w, https:\/\/vecinosdelinterior.com\/wp-content\/uploads\/2024\/04\/c94f7a32-4b03-4311-b201-4caa40da6d95-750x507.jpeg 750w\" sizes=\"(max-width: 852px) 100vw, 852px\" \/><\/figure>\n<\/figure>\n\n\n\n<p>El primer cap\u00edtulo ofreci\u00f3 pruebas individuales masculinas y femeninas, adem\u00e1s de postas masculinas, femeninas y mixtas, reuni\u00f3 alrededor de 100 participantes de San Luis, Villa Mercedes, San Francisco, Santa Rosa, Tilisarao, Juana Koslay y Potrero de los Funes, entre otras localidades provinciales, adem\u00e1s de competidores que llegaron desde Mendoza, Villa Dolores y Sampacho.<\/p>\n\n\n\n<p>La competencia combin\u00f3 tres etapas: una carrera inicial de 5 kil\u00f3metros, seguida por un recorrido en bicicleta de 20 kil\u00f3metros, y concluy\u00f3 con una \u00faltima carrera de 2 kil\u00f3metros por los pintorescos caminos de la localidad del departamento San Mart\u00edn.<\/p>\n\n\n\n<p>Entre los participantes se encontraba la posta mixta formada por Laura Bales e Ignacio Fresser, quien aport\u00f3 una inspiradora historia: Ignacio, una persona con autismo, complet\u00f3 la etapa de carrera, mientras que Laura se encarg\u00f3 del ciclismo. Juntos lograron un tiempo de 1:33:43 y se ubicaron en el cuarto puesto, qued\u00e1ndose con un doble reconocimiento en un emotivo momento que dej\u00f3 de manifiesto la inclusi\u00f3n en el deporte.<\/p>\n\n\n\n<p>Adem\u00e1s de las pruebas oficiales, los ni\u00f1os tambi\u00e9n tuvieron su oportunidad de disfrutar de una carrera organizada en los alrededores de la plaza de Las Chacras mientras se disputaban las clasificaciones principales. Todos se llevaron su medalla de participaci\u00f3n.<\/p>\n\n\n\n<p>La segunda fecha del Circuito est\u00e1 prevista para el mes de junio. Podr\u00eda realizarse en la localidad de Villa de Praga, dando continuidad a los desaf\u00edos que impone esta disciplina que combina carrera y ciclismo, y crece a pasos agigantados en la provincia.<\/p>\n\n\n\n<p>A continuaci\u00f3n, las clasificaciones generales de la primera fecha:<\/p>\n\n\n\n<p>Pruebas individuales masculinas<\/p>\n\n\n\n<p>1) Aguilar, Yoel Yasso (San Francisco)<\/p>\n\n\n\n<p>2) Busto, Edgar (Villa Mercedes)<\/p>\n\n\n\n<p>3) Roble, Pablo (San Luis)<\/p>\n\n\n\n<p>4) Cuello, Juan Sebasti\u00e1n (San Luis)<\/p>\n\n\n\n<p>5) Nicotra, Leonardo (San Luis)<\/p>\n\n\n\n<p>Pruebas individuales femeninas<\/p>\n\n\n\n<p>1) D\u00edaz, Anah\u00ed Elena (San Luis)<\/p>\n\n\n\n<p>2) Vaccaro Botes, Patricia (San Luis)<\/p>\n\n\n\n<p>3) Lucero, Natalia (Santa Rosa)<\/p>\n\n\n\n<p>4) Bales, Mar\u00eda Laura (San Francisco)<\/p>\n\n\n\n<p>5) Flores, Silvia (San Luis)<\/p>\n\n\n\n<p>Postas masculinas<\/p>\n\n\n\n<p>1) Jofr\u00e9, Ram\u00f3n Eduardo Eduardo-Yael Yasse (San Francisco)<\/p>\n\n\n\n<p>2) Rodr\u00edguez, Diego-Aguirre, Rojo, Jes\u00fas (Tilisarao)<\/p>\n\n\n\n<p>3) Chiavassa, Lorenzo-Aguirre, Eduardo (Tilisarao)<\/p>\n\n\n\n<p>4) Pascale, Lucas Joaqu\u00edn (Juana Koslay)-Menocheo, Thiago (Potrero de los Funes)<\/p>\n\n\n\n<p>5) L\u00f3pez, Miguel-B\u00e1ez, Julio Ricardo (Villa Mercedes)<\/p>\n\n\n\n<p>Postas femeninas<\/p>\n\n\n\n<p>1) Godoy, N\u00e9lida Cristina (Las Chacras)-Ag\u00fcero, Silvia (Quines)<\/p>\n\n\n\n<p>2) Fabi\u00e1n, Patricia Romina-Miranda, Agustina Micaela (San Luis)<\/p>\n\n\n\n<p>3) Rodr\u00edguez, Natalia-Sequeira, Marcela Ver\u00f3nica (Santa Rosa)<\/p>\n\n\n\n<p>4) Figueroa, Mar\u00eda Laura-Figueroa, Soledad (Santa Rosa)<\/p>\n\n\n\n<p>5) Escudero, Adriana (San Luis)-Fr\u00edas, Rosa (Villa Praga)<\/p>\n\n\n\n<p>Postas mixtas<\/p>\n\n\n\n<p>1) Chavero, Yamila-Garay, Omar (Tilisarao)<\/p>\n\n\n\n<p>2) L\u00f3pez, Morena Mercedes-L\u00f3pez, David (Villa Mercedes)<\/p>\n\n\n\n<p>3) Godoy, Flora Del Pilar (Tilisarao)-Baz\u00e1n, Mat\u00edas (Paso Grande)<\/p>\n\n\n\n<p>4) Bales, Laura-Fresser, Ignacio (San Francisco)<\/p>\n","protected":false},"excerpt":{"rendered":"<p>La pintoresca localidad del departamento San Mart\u00edn fue escenario del un arranque que reuni\u00f3 alrededor de 100 competidores de distintos puntos de la provincia, Mendoza, Villa Dolores y Sampacho. El domingo 21 se llev\u00f3 a cabo la primera fecha del Circuito de Duatl\u00f3n Puntuable en Las Chacras. El evento fue organizado por la coordinadora departamental [&hellip;]<\/p>\n","protected":false},"author":1,"featured_media":1987,"comment_status":"open","ping_status":"open","sticky":false,"template":"","format":"standard","meta":{"footnotes":""},"categories":[185,67],"tags":[408],"class_list":["post-1986","post","type-post","status-publish","format-standard","has-post-thumbnail","hentry","category-las-chacras","category-san-martin","tag-circuito-de-duatlon-puntuable"],"_links":{"self":[{"href":"https:\/\/vecinosdelinterior.com\/index.php\/wp-json\/wp\/v2\/posts\/1986","targetHints":{"allow":["GET"]}}],"collection":[{"href":"https:\/\/vecinosdelinterior.com\/index.php\/wp-json\/wp\/v2\/posts"}],"about":[{"href":"https:\/\/vecinosdelinterior.com\/index.php\/wp-json\/wp\/v2\/types\/post"}],"author":[{"embeddable":true,"href":"https:\/\/vecinosdelinterior.com\/index.php\/wp-json\/wp\/v2\/users\/1"}],"replies":[{"embeddable":true,"href":"https:\/\/vecinosdelinterior.com\/index.php\/wp-json\/wp\/v2\/comments?post=1986"}],"version-history":[{"count":1,"href":"https:\/\/vecinosdelinterior.com\/index.php\/wp-json\/wp\/v2\/posts\/1986\/revisions"}],"predecessor-version":[{"id":1989,"href":"https:\/\/vecinosdelinterior.com\/index.php\/wp-json\/wp\/v2\/posts\/1986\/revisions\/1989"}],"wp:featuredmedia":[{"embeddable":true,"href":"https:\/\/vecinosdelinterior.com\/index.php\/wp-json\/wp\/v2\/media\/1987"}],"wp:attachment":[{"href":"https:\/\/vecinosdelinterior.com\/index.php\/wp-json\/wp\/v2\/media?parent=1986"}],"wp:term":[{"taxonomy":"category","embeddable":true,"href":"https:\/\/vecinosdelinterior.com\/index.php\/wp-json\/wp\/v2\/categories?post=1986"},{"taxonomy":"post_tag","embeddable":true,"href":"https:\/\/vecinosdelinterior.com\/index.php\/wp-json\/wp\/v2\/tags?post=1986"}],"curies":[{"name":"wp","href":"https:\/\/api.w.org\/{rel}","templated":true}]}}