{"id":2006,"date":"2024-04-25T09:13:55","date_gmt":"2024-04-25T12:13:55","guid":{"rendered":"https:\/\/vecinosdelinterior.com\/?p=2006"},"modified":"2024-04-25T09:13:55","modified_gmt":"2024-04-25T12:13:55","slug":"vialidad-provincial-desplego-equipos-y-maquinarias-en-renca-y-villa-de-la-quebrada","status":"publish","type":"post","link":"https:\/\/vecinosdelinterior.com\/index.php\/2024\/04\/25\/vialidad-provincial-desplego-equipos-y-maquinarias-en-renca-y-villa-de-la-quebrada\/","title":{"rendered":"Vialidad Provincial despleg\u00f3 equipos y maquinarias en Renca y Villa de la Quebrada"},"content":{"rendered":"\n<p>Adem\u00e1s de colaborar en ambas localidades con el arreglo de calles, realizaron desmalezado en las v\u00edas de acceso. Tambi\u00e9n aportar\u00e1n camiones para el traslado de agua y rejas de contenci\u00f3n.<\/p>\n\n\n\n<p>Renca y Villa de la Quebrada se preparan para dos importantes propuestas religiosas y la direcci\u00f3n de Vialidad Provincial colabora con ambos municipios. Se trata de las tradicionales fiestas patronales que tendr\u00e1n lugar el 1\u00ba, 2 y 3 de mayo, que atraen cada a\u00f1o a miles de visitantes.<\/p>\n\n\n\n<p>Como parte de los preparativos en la localidad del Cristo de la Quebrada, Vialidad repar\u00f3 calles de tierra, accesos y banquinas. Adem\u00e1s, acondicion\u00f3 con desmalezado, limpieza y puesta a punto de luminarias en la Autopista 25 de Mayo, una v\u00eda que tradicionalmente transitan los promesantes.<\/p>\n\n\n\n<p>El organismo provincial tambi\u00e9n colaborar\u00e1 con camiones cisterna para el traslado de agua cruda a la terminal de \u00f3mnibus y a la planta de abastecimiento local. De igual manera, aportar\u00e1 cien rejas de contenci\u00f3n destinadas a organizar recorridos y accesos.<\/p>\n\n\n\n<p>En lo que refiere a la actividad del Divino Se\u00f1or de Renca, Vialidad despej\u00f3 terrenos con maquinaria para establecer playones de estacionamiento y proporcionar\u00e1 60 rejas de contenci\u00f3n y tres casillas para personal de seguridad. Asimismo, efectu\u00f3 desmalezado en la zona sobre la ruta provincial N\u00b040, en el tramo que va de la localidad hasta la ruta N\u00b02.<\/p>\n\n\n\n<p>Otra contribuci\u00f3n consiste en un cami\u00f3n recolector de residuos que recorrer\u00e1 desde el Suyuque hasta Los Molles durante las festividades.<\/p>\n\n\n\n<figure class=\"wp-block-gallery has-nested-images columns-default is-cropped wp-block-gallery-1 is-layout-flex wp-block-gallery-is-layout-flex\">\n<figure class=\"wp-block-image size-large\"><img fetchpriority=\"high\" decoding=\"async\" width=\"720\" height=\"506\" data-id=\"2007\" src=\"https:\/\/vecinosdelinterior.com\/wp-content\/uploads\/2024\/04\/Ruta-40-tramo-Renca-a-ruta-2-1-e1713987120337.jpeg\" alt=\"\" class=\"wp-image-2007\" srcset=\"https:\/\/vecinosdelinterior.com\/wp-content\/uploads\/2024\/04\/Ruta-40-tramo-Renca-a-ruta-2-1-e1713987120337.jpeg 720w, https:\/\/vecinosdelinterior.com\/wp-content\/uploads\/2024\/04\/Ruta-40-tramo-Renca-a-ruta-2-1-e1713987120337-300x211.jpeg 300w\" sizes=\"(max-width: 720px) 100vw, 720px\" \/><\/figure>\n\n\n\n<figure class=\"wp-block-image size-large\"><img decoding=\"async\" width=\"1024\" height=\"576\" data-id=\"2008\" src=\"https:\/\/vecinosdelinterior.com\/wp-content\/uploads\/2024\/04\/Villa-de-la-Quebrada-2-1024x576.jpeg\" alt=\"\" class=\"wp-image-2008\" srcset=\"https:\/\/vecinosdelinterior.com\/wp-content\/uploads\/2024\/04\/Villa-de-la-Quebrada-2-1024x576.jpeg 1024w, https:\/\/vecinosdelinterior.com\/wp-content\/uploads\/2024\/04\/Villa-de-la-Quebrada-2-300x169.jpeg 300w, https:\/\/vecinosdelinterior.com\/wp-content\/uploads\/2024\/04\/Villa-de-la-Quebrada-2-768x432.jpeg 768w, https:\/\/vecinosdelinterior.com\/wp-content\/uploads\/2024\/04\/Villa-de-la-Quebrada-2-750x422.jpeg 750w, https:\/\/vecinosdelinterior.com\/wp-content\/uploads\/2024\/04\/Villa-de-la-Quebrada-2-1140x641.jpeg 1140w, https:\/\/vecinosdelinterior.com\/wp-content\/uploads\/2024\/04\/Villa-de-la-Quebrada-2.jpeg 1280w\" sizes=\"(max-width: 1024px) 100vw, 1024px\" \/><\/figure>\n<\/figure>\n\n\n\n<p><strong>M\u00e1s despliegues en el norte<\/strong><\/p>\n\n\n\n<p>En la semana, Vialidad tambi\u00e9n realiz\u00f3 arreglos en el camino que lleva a Ca\u00f1ada La Negra en Villa de Merlo y efectu\u00f3 corte de malezas en la ruta provincial N\u00b06, en el tramo que va desde Concar\u00e1n a la ruta N\u00b02. En el paraje Planta de Sand\u00eda repararon caminos de tierra.<\/p>\n\n\n\n<p>De la misma manera, incorporaron trabajos con motoniveladoras en Pozo Cavado, en el l\u00edmite de los departamentos Belgrano y Ayacucho, sobre la ruta N\u00b03. El objetivo fue corregir trazas de tierra para mejorar el tr\u00e1nsito.<\/p>\n","protected":false},"excerpt":{"rendered":"<p>Adem\u00e1s de colaborar en ambas localidades con el arreglo de calles, realizaron desmalezado en las v\u00edas de acceso. Tambi\u00e9n aportar\u00e1n camiones para el traslado de agua y rejas de contenci\u00f3n. Renca y Villa de la Quebrada se preparan para dos importantes propuestas religiosas y la direcci\u00f3n de Vialidad Provincial colabora con ambos municipios. Se trata [&hellip;]<\/p>\n","protected":false},"author":1,"featured_media":2008,"comment_status":"open","ping_status":"open","sticky":false,"template":"","format":"standard","meta":{"footnotes":""},"categories":[92,93],"tags":[],"class_list":["post-2006","post","type-post","status-publish","format-standard","has-post-thumbnail","hentry","category-belgrano","category-villa-de-la-quebrada"],"_links":{"self":[{"href":"https:\/\/vecinosdelinterior.com\/index.php\/wp-json\/wp\/v2\/posts\/2006","targetHints":{"allow":["GET"]}}],"collection":[{"href":"https:\/\/vecinosdelinterior.com\/index.php\/wp-json\/wp\/v2\/posts"}],"about":[{"href":"https:\/\/vecinosdelinterior.com\/index.php\/wp-json\/wp\/v2\/types\/post"}],"author":[{"embeddable":true,"href":"https:\/\/vecinosdelinterior.com\/index.php\/wp-json\/wp\/v2\/users\/1"}],"replies":[{"embeddable":true,"href":"https:\/\/vecinosdelinterior.com\/index.php\/wp-json\/wp\/v2\/comments?post=2006"}],"version-history":[{"count":1,"href":"https:\/\/vecinosdelinterior.com\/index.php\/wp-json\/wp\/v2\/posts\/2006\/revisions"}],"predecessor-version":[{"id":2009,"href":"https:\/\/vecinosdelinterior.com\/index.php\/wp-json\/wp\/v2\/posts\/2006\/revisions\/2009"}],"wp:featuredmedia":[{"embeddable":true,"href":"https:\/\/vecinosdelinterior.com\/index.php\/wp-json\/wp\/v2\/media\/2008"}],"wp:attachment":[{"href":"https:\/\/vecinosdelinterior.com\/index.php\/wp-json\/wp\/v2\/media?parent=2006"}],"wp:term":[{"taxonomy":"category","embeddable":true,"href":"https:\/\/vecinosdelinterior.com\/index.php\/wp-json\/wp\/v2\/categories?post=2006"},{"taxonomy":"post_tag","embeddable":true,"href":"https:\/\/vecinosdelinterior.com\/index.php\/wp-json\/wp\/v2\/tags?post=2006"}],"curies":[{"name":"wp","href":"https:\/\/api.w.org\/{rel}","templated":true}]}}