{"id":2010,"date":"2024-04-25T09:17:20","date_gmt":"2024-04-25T12:17:20","guid":{"rendered":"https:\/\/vecinosdelinterior.com\/?p=2010"},"modified":"2024-04-25T09:17:21","modified_gmt":"2024-04-25T12:17:21","slug":"dos-meses-de-prision-preventiva-para-el-acusado-del-homicidio-de-su-primo-en-santa-rosa-del-conlara","status":"publish","type":"post","link":"https:\/\/vecinosdelinterior.com\/index.php\/2024\/04\/25\/dos-meses-de-prision-preventiva-para-el-acusado-del-homicidio-de-su-primo-en-santa-rosa-del-conlara\/","title":{"rendered":"Dos meses de prisi\u00f3n preventiva para el acusado del homicidio de su primo en Santa Rosa del Conlara"},"content":{"rendered":"\n<p>El Juez de Garant\u00eda N\u00ba 2 de la tercera circunscripci\u00f3n judicial, Jorge Pinto, otorg\u00f3 prisi\u00f3n preventiva por dos meses para un hombre acusado de matar a su primo a pu\u00f1aladas, en la madrugada del 11 de marzo, en Santa Rosa del Conlara.<\/p>\n\n\n\n<p>Este hecho se produjo en inmediaciones de calles Corrientes y Moreno de esa localidad, luego de que la v\u00edctima y el imputado discutieran y se enfrentaran con armas blancas. En la pelea, el acusado hiri\u00f3 con un cuchillo en la zona del t\u00f3rax al damnificado, quien falleci\u00f3 en el hospital.<\/p>\n\n\n\n<p>La audiencia que se realiz\u00f3 este mi\u00e9rcoles, la representante del Ministerio P\u00fablico Fiscal, D\u00e9bora Roy Gitto, pidi\u00f3 la extensi\u00f3n de preventiva para evitar el entorpecimiento de la investigaci\u00f3n y el peligro de fuga del imputado.<\/p>\n\n\n\n<p>En el marco de la investigaci\u00f3n, la fiscal detall\u00f3 que falta reunir evidencias y que a\u00fan quedan testigos por entrevistar, la realizaci\u00f3n de una pericia psicol\u00f3gico psiqui\u00e1trica a la pareja de la v\u00edctima y del victimario, una entrevista socioambiental, entre otras.<\/p>\n\n\n\n<p>Al pedir el plazo de dos meses, la fiscal aclar\u00f3 que no se trata de un adelanto de pena sino de una medida coercitiva para resguardar los fines del proceso, al tener en cuenta la gravedad del hecho y la escala penal del delito que se investiga como \u201chomicidio simple\u201d, que prev\u00e9 una pena de 8 a 25 a\u00f1os prisi\u00f3n.<\/p>\n\n\n\n<p>Sin manifestaciones por parte de la defensa, el juez resolvi\u00f3 prorrogar la prisi\u00f3n preventiva del imputado y contin\u00faa alojado en el Servicio Penitenciario Provincial a la espera de la resoluci\u00f3n procesal.<\/p>\n\n\n\n<p>El episodio que investigan se trata de dos hombres, uno de 41 y el otro de 43 a\u00f1os, ambos de apellido Burgos, y armados con cuchillos, se pelearon hasta uno hiri\u00f3 de una pu\u00f1alada al otro en la zona del pecho.<\/p>\n\n\n\n<figure class=\"wp-block-image size-large\"><img fetchpriority=\"high\" decoding=\"async\" width=\"1024\" height=\"425\" src=\"https:\/\/vecinosdelinterior.com\/wp-content\/uploads\/2024\/04\/25-4-2024-09-16-01-1024x425.jpg\" alt=\"\" class=\"wp-image-2011\" srcset=\"https:\/\/vecinosdelinterior.com\/wp-content\/uploads\/2024\/04\/25-4-2024-09-16-01-1024x425.jpg 1024w, https:\/\/vecinosdelinterior.com\/wp-content\/uploads\/2024\/04\/25-4-2024-09-16-01-300x124.jpg 300w, https:\/\/vecinosdelinterior.com\/wp-content\/uploads\/2024\/04\/25-4-2024-09-16-01-768x318.jpg 768w, https:\/\/vecinosdelinterior.com\/wp-content\/uploads\/2024\/04\/25-4-2024-09-16-01-750x311.jpg 750w, https:\/\/vecinosdelinterior.com\/wp-content\/uploads\/2024\/04\/25-4-2024-09-16-01-1140x473.jpg 1140w, https:\/\/vecinosdelinterior.com\/wp-content\/uploads\/2024\/04\/25-4-2024-09-16-01.jpg 1213w\" sizes=\"(max-width: 1024px) 100vw, 1024px\" \/><\/figure>\n","protected":false},"excerpt":{"rendered":"<p>El Juez de Garant\u00eda N\u00ba 2 de la tercera circunscripci\u00f3n judicial, Jorge Pinto, otorg\u00f3 prisi\u00f3n preventiva por dos meses para un hombre acusado de matar a su primo a pu\u00f1aladas, en la madrugada del 11 de marzo, en Santa Rosa del Conlara. Este hecho se produjo en inmediaciones de calles Corrientes y Moreno de esa [&hellip;]<\/p>\n","protected":false},"author":1,"featured_media":2011,"comment_status":"open","ping_status":"open","sticky":false,"template":"","format":"standard","meta":{"footnotes":""},"categories":[23,45],"tags":[],"class_list":["post-2010","post","type-post","status-publish","format-standard","has-post-thumbnail","hentry","category-junin","category-santa-rosa-del-conlara"],"_links":{"self":[{"href":"https:\/\/vecinosdelinterior.com\/index.php\/wp-json\/wp\/v2\/posts\/2010","targetHints":{"allow":["GET"]}}],"collection":[{"href":"https:\/\/vecinosdelinterior.com\/index.php\/wp-json\/wp\/v2\/posts"}],"about":[{"href":"https:\/\/vecinosdelinterior.com\/index.php\/wp-json\/wp\/v2\/types\/post"}],"author":[{"embeddable":true,"href":"https:\/\/vecinosdelinterior.com\/index.php\/wp-json\/wp\/v2\/users\/1"}],"replies":[{"embeddable":true,"href":"https:\/\/vecinosdelinterior.com\/index.php\/wp-json\/wp\/v2\/comments?post=2010"}],"version-history":[{"count":1,"href":"https:\/\/vecinosdelinterior.com\/index.php\/wp-json\/wp\/v2\/posts\/2010\/revisions"}],"predecessor-version":[{"id":2012,"href":"https:\/\/vecinosdelinterior.com\/index.php\/wp-json\/wp\/v2\/posts\/2010\/revisions\/2012"}],"wp:featuredmedia":[{"embeddable":true,"href":"https:\/\/vecinosdelinterior.com\/index.php\/wp-json\/wp\/v2\/media\/2011"}],"wp:attachment":[{"href":"https:\/\/vecinosdelinterior.com\/index.php\/wp-json\/wp\/v2\/media?parent=2010"}],"wp:term":[{"taxonomy":"category","embeddable":true,"href":"https:\/\/vecinosdelinterior.com\/index.php\/wp-json\/wp\/v2\/categories?post=2010"},{"taxonomy":"post_tag","embeddable":true,"href":"https:\/\/vecinosdelinterior.com\/index.php\/wp-json\/wp\/v2\/tags?post=2010"}],"curies":[{"name":"wp","href":"https:\/\/api.w.org\/{rel}","templated":true}]}}